{"id":804,"date":"2019-02-26T18:15:52","date_gmt":"2019-02-26T18:15:52","guid":{"rendered":"http:\/\/www.apordoc.org\/?p=804"},"modified":"2019-02-26T18:15:52","modified_gmt":"2019-02-26T18:15:52","slug":"oficina-docs-4-kids-um-dia-na-aldeia","status":"publish","type":"post","link":"https:\/\/www.apordoc.org\/?p=804","title":{"rendered":"Oficina Docs 4 Kids: Um Dia na Aldeia"},"content":{"rendered":"\n<p>O Projecto Educativo Apordoc come\u00e7a o ano de 2019 com uma Oficina Docs 4 Kids gratuita!<br>Esta actividade insere-se na programa\u00e7\u00e3o da <a href=\"https:\/\/www.doclisboa.org\/2019\/mostra-amerindia-percursos-do-cinema-indigena-no-brasil\/\">Mostra Amer\u00edndia: Percursos do Cinema Ind\u00edgena no Brasil<\/a>, um evento desenvolvido pelo <a href=\"https:\/\/www.doclisboa.org\/\">Doclisboa<\/a> em colabora\u00e7\u00e3o com os centros de investiga\u00e7\u00e3o CHAM, CRIA, ICS,  IHA, e o Museu Calouste Gulbenkian. Trata-se de uma oficina baseada em alguns filmes da colec\u00e7\u00e3o <a href=\"http:\/\/videonasaldeias.org.br\/2009\/noticias.php?c=64\">Cineastas Ind\u00edgenas para Jovens e Crian\u00e7as<\/a>, do projecto<strong> V\u00eddeo nas Aldeias<\/strong>. <\/p>\n\n\n\n<p> <\/p>\n\n\n\n<p><strong>Sinopse:<\/strong><br>Vamos conhecer um dia nas aldeias Waimiri e Atroari, no interior da Amaz\u00f3nia, atrav\u00e9s do filme <em>Kinja Iakaha \u2013 Um dia na aldeia<\/em>. Seis \u00edndios registam o dia-a-dia dos seus parentes. Estes registos, sintetizados num \u00fanico dia, desde o amanhecer at\u00e9 ao anoitecer, transportam-nos para a intimidade do quotidiano ind\u00edgena com a sua interac\u00e7\u00e3o intensa com a natureza. Depois de mergulhar nesta experi\u00eancia sensorial do outro lado do Atl\u00e2ntico, os participantes da oficina s\u00e3o convidados a partir \u00e0 aventura at\u00e9 uma destas aldeias ind\u00edgenas, para vivenciarem a diversidade cultural. Durante o filme <em>Boa Viagem, Ibantu!<\/em> quatro jovens de diferentes regi\u00f5es do Brasil viajam at\u00e9 a aldeia dos Krah\u00f4.<br>Se tivesses que planear uma expedi\u00e7\u00e3o \u00e0 Amaz\u00f3nia, o que levarias contigo? E o que deixarias para tr\u00e1s? Os jovens do filme partiram cheios de expectativas e ideias pr\u00e9-concebidas. O que mais te preocupa a ti? Quais os medos que sentes? Depois de listar as tuas tarefas di\u00e1rias em Portugal e identificar os h\u00e1bitos que te esperam na Amaz\u00f3nia, consegues dizer o que mais te far\u00e1 mais falta? Preparado\/a para pintar o corpo e ser baptizado\/a e receber um nome ind\u00edgena?<br>Nesta oficina vamos \u201ctrabalhar\u201d as nossas emo\u00e7\u00f5es, os medos e espectativas, expressando atrav\u00e9s de uma v\u00eddeo-carta as preocupa\u00e7\u00f5es do grupo, imaginando que partem no prazo de dez dias para a aldeia ind\u00edgena dos Krah\u00f4. As v\u00eddeo-cartas ser\u00e3o dirigidas a um dos personagens dos filmes <em>Kinja Iakaha \u2013 Um dia na aldeia<\/em> e <em>Boa Viagem, Ibantu!<\/em>.<\/p>\n\n\n\n<p><strong>Filmes:<\/strong><br><em>Kinja Iakaha \u2013 Um Dia na Aldeia<\/em><br>Kabaha Waimiri, Saw\u00e1 Waimiri, Iawysy Waimiri, Sanapyty Atroari, Wam\u00e9 Atroari, Araduw\u00e1 Waimiri \/ 2003 \/ Brasil \/ 40\u2019 <br><em>Boa Viagem, Ibantu!<\/em><br>Vincent Carelli \/ 1999 \/ Brasil \/ 17\u2019<\/p>\n\n\n\n<p><strong>Formadora:<\/strong> Cl\u00e1udia Alves<\/p>\n\n\n\n<p><strong>Data\/Hor\u00e1rio:<\/strong> 16 de Mar\u00e7o (S\u00e1bado), \u00e0s 11h <br><strong>Local:<\/strong> Espa\u00e7o Servi\u00e7o Educativo, Museu Calouste Gulbenkian &#8211; Cole\u00e7\u00e3o Moderna<br>Rua Dr. Nicolau Bettencourt, 1050-078 Lisboa<\/p>\n\n\n\n<p><strong>Faixa Et\u00e1ria:<\/strong> 8 aos 11 anos <br><strong>Dura\u00e7\u00e3o:<\/strong> 2h<\/p>\n\n\n\n<p><strong>Apoio T\u00e9cnico:<\/strong> <a href=\"https:\/\/www.bazardovideo.biz\/\">Bazar do V\u00eddeo<\/a><\/p>\n\n\n\n<p>Inscri\u00e7\u00f5es <a href=\"https:\/\/docs.google.com\/forms\/d\/e\/1FAIpQLSf3ycS_SfZOTb1-2GrEbSsCHY7YtILgEoIzyexjbBPvX1lMOQ\/viewform\">aqui<\/a>.<\/p>\n\n\n\n<p><strong>Para mais informa\u00e7\u00f5es contactar:<\/strong><br>projecto.educativo@apordoc.org<br>910 951 160<\/p>\n","protected":false},"excerpt":{"rendered":"<p>O Projecto Educativo Apordoc come\u00e7a o ano de 2019 com uma Oficina Docs 4 Kids gratuita!Esta actividade insere-se na programa\u00e7\u00e3o da Mostra Amer\u00edndia: Percursos do Cinema Ind\u00edgena no Brasil, um evento desenvolvido pelo Doclisboa em colabora\u00e7\u00e3o com os centros de&#8230;<\/p>\n","protected":false},"author":2,"featured_media":805,"comment_status":"closed","ping_status":"closed","sticky":false,"template":"","format":"standard","meta":{"_exactmetrics_skip_tracking":false,"_exactmetrics_sitenote_active":false,"_exactmetrics_sitenote_note":"","_exactmetrics_sitenote_category":0,"footnotes":""},"categories":[1],"tags":[],"class_list":["post-804","post","type-post","status-publish","format-standard","has-post-thumbnail","hentry","category-uncategorized"],"_links":{"self":[{"href":"https:\/\/www.apordoc.org\/index.php?rest_route=\/wp\/v2\/posts\/804","targetHints":{"allow":["GET"]}}],"collection":[{"href":"https:\/\/www.apordoc.org\/index.php?rest_route=\/wp\/v2\/posts"}],"about":[{"href":"https:\/\/www.apordoc.org\/index.php?rest_route=\/wp\/v2\/types\/post"}],"author":[{"embeddable":true,"href":"https:\/\/www.apordoc.org\/index.php?rest_route=\/wp\/v2\/users\/2"}],"replies":[{"embeddable":true,"href":"https:\/\/www.apordoc.org\/index.php?rest_route=%2Fwp%2Fv2%2Fcomments&post=804"}],"version-history":[{"count":7,"href":"https:\/\/www.apordoc.org\/index.php?rest_route=\/wp\/v2\/posts\/804\/revisions"}],"predecessor-version":[{"id":812,"href":"https:\/\/www.apordoc.org\/index.php?rest_route=\/wp\/v2\/posts\/804\/revisions\/812"}],"wp:featuredmedia":[{"embeddable":true,"href":"https:\/\/www.apordoc.org\/index.php?rest_route=\/wp\/v2\/media\/805"}],"wp:attachment":[{"href":"https:\/\/www.apordoc.org\/index.php?rest_route=%2Fwp%2Fv2%2Fmedia&parent=804"}],"wp:term":[{"taxonomy":"category","embeddable":true,"href":"https:\/\/www.apordoc.org\/index.php?rest_route=%2Fwp%2Fv2%2Fcategories&post=804"},{"taxonomy":"post_tag","embeddable":true,"href":"https:\/\/www.apordoc.org\/index.php?rest_route=%2Fwp%2Fv2%2Ftags&post=804"}],"curies":[{"name":"wp","href":"https:\/\/api.w.org\/{rel}","templated":true}]}}