{"id":788,"date":"2018-11-28T16:57:01","date_gmt":"2018-11-28T16:57:01","guid":{"rendered":"http:\/\/www.apordoc.org\/?p=788"},"modified":"2018-11-28T16:57:01","modified_gmt":"2018-11-28T16:57:01","slug":"curtas-dos-verdes-anos-em-arcos-de-valdevez","status":"publish","type":"post","link":"https:\/\/www.apordoc.org\/?p=788","title":{"rendered":"Curtas dos Verdes Anos em Arcos de Valdevez"},"content":{"rendered":"<p>A Apordoc &#8211; Associa\u00e7\u00e3o pelo Document\u00e1rio associa-se ao <a href=\"https:\/\/www.facebook.com\/cineclubeavv\/\">Cineclube de Arcos de Valdevez<\/a> na apresenta\u00e7\u00e3o do ciclo de cinema \u201cImagens Familiares\u201d. A partir da pr\u00f3xima Sexta-Feira (dia 30 de Novembro) e estendendo-se por todo o m\u00eas de Dezembro, as sess\u00f5es habituais do Cineclube contam com a projec\u00e7\u00e3o de 5 curtas-metragens retiradas da programa\u00e7\u00e3o Verdes Anos da edi\u00e7\u00e3o de 2017 do festival Doclisboa.<\/p>\n<p>Programa\u00e7\u00e3o completa:<\/p>\n<p><u>30 de Novembro, 1 e 2 de Dezembro<\/u><br \/>\n<a href=\"http:\/\/www.doclisboa.org\/2017\/filmes\/jacarepagua\/\"><em>Jacarepagu\u00e1<\/em><\/a> \/ Maria Ganem, 2017, Portugal, 6\u2019<\/p>\n<p><u>8 e 9 de Dezembro<\/u><br \/>\n<em><a href=\"http:\/\/www.doclisboa.org\/2017\/filmes\/quando-o-dia-acaba\/\">Quando o dia Acaba<\/a><\/em> \/ Pedro Gon\u00e7alves, 2017, Portugal, 15\u2019<\/p>\n<p><u>15 e 16 de Dezembro<\/u><br \/>\n<a href=\"http:\/\/www.doclisboa.org\/2017\/filmes\/lemons\/\"><em>Lemons<\/em><\/a> \/ Srinivas Reddy Sanikommu, 2017, Portugal, 12\u2019<\/p>\n<p><u>21 a 23 de Dezembro<\/u><br \/>\n<a href=\"http:\/\/www.doclisboa.org\/2017\/filmes\/entre-o-ceu-e-o-mar\/\"><em>Entre o C\u00e9u e o Mar<\/em><\/a> \/ Giuliane Maciel, 2017, Portugal, 13\u2019<\/p>\n<p><u>28 a 30 de Dezembro<\/u><br \/>\n<a href=\"http:\/\/www.doclisboa.org\/2017\/filmes\/norley-and-norlen\/\"><em>Norley and Norlen<\/em><\/a> \/ Flavio Ferreira, 2017, Cuba, Portugal, Espanha, 8\u2019<\/p>\n<p><strong>Este ciclo marca o in\u00edcio de uma parceria entre a Apordoc e o Cineclube<\/strong>, que surge na sequ\u00eancia da parceria duradoura que a Associa\u00e7\u00e3o tem j\u00e1 com o Munic\u00edpio de Arcos de Valdevez.<\/p>\n<p>No sentido de dar continuidade temporal ao semin\u00e1rio que a Apordoc organiza anualmente em Arcos de Valdevez (<a href=\"http:\/\/docskingdom.org\/\">Doc\u2019s Kingdom<\/a>), o Cineclube assume o papel de interlocutor na sele\u00e7\u00e3o e apresenta\u00e7\u00e3o de filmes que passaram no Doclisboa (organizado pela Apordoc). Esta \u00e9 uma forma de manter a dinamiza\u00e7\u00e3o cultural durante o ano todo e diretamente em contacto com a popula\u00e7\u00e3o local.<\/p>\n<p>Al\u00e9m deste momento pretende-se que no futuro outras iniciativas possam ser organizadas em conjunto pelas duas associa\u00e7\u00f5es com o objetivo de promover o cinema documental e de formar p\u00fablicos curiosos e, quem sabe, jovens realizadores entusiasmados.<\/p>\n","protected":false},"excerpt":{"rendered":"<p>A Apordoc &#8211; Associa\u00e7\u00e3o pelo Document\u00e1rio associa-se ao Cineclube de Arcos de Valdevez na apresenta\u00e7\u00e3o do ciclo de cinema \u201cImagens Familiares\u201d. A partir da pr\u00f3xima Sexta-Feira (dia 30 de Novembro) e estendendo-se por todo o m\u00eas de Dezembro, as sess\u00f5es&#8230;<\/p>\n","protected":false},"author":2,"featured_media":792,"comment_status":"closed","ping_status":"closed","sticky":false,"template":"","format":"standard","meta":{"_exactmetrics_skip_tracking":false,"_exactmetrics_sitenote_active":false,"_exactmetrics_sitenote_note":"","_exactmetrics_sitenote_category":0,"footnotes":""},"categories":[1],"tags":[],"class_list":["post-788","post","type-post","status-publish","format-standard","has-post-thumbnail","hentry","category-uncategorized"],"_links":{"self":[{"href":"https:\/\/www.apordoc.org\/index.php?rest_route=\/wp\/v2\/posts\/788","targetHints":{"allow":["GET"]}}],"collection":[{"href":"https:\/\/www.apordoc.org\/index.php?rest_route=\/wp\/v2\/posts"}],"about":[{"href":"https:\/\/www.apordoc.org\/index.php?rest_route=\/wp\/v2\/types\/post"}],"author":[{"embeddable":true,"href":"https:\/\/www.apordoc.org\/index.php?rest_route=\/wp\/v2\/users\/2"}],"replies":[{"embeddable":true,"href":"https:\/\/www.apordoc.org\/index.php?rest_route=%2Fwp%2Fv2%2Fcomments&post=788"}],"version-history":[{"count":3,"href":"https:\/\/www.apordoc.org\/index.php?rest_route=\/wp\/v2\/posts\/788\/revisions"}],"predecessor-version":[{"id":791,"href":"https:\/\/www.apordoc.org\/index.php?rest_route=\/wp\/v2\/posts\/788\/revisions\/791"}],"wp:featuredmedia":[{"embeddable":true,"href":"https:\/\/www.apordoc.org\/index.php?rest_route=\/wp\/v2\/media\/792"}],"wp:attachment":[{"href":"https:\/\/www.apordoc.org\/index.php?rest_route=%2Fwp%2Fv2%2Fmedia&parent=788"}],"wp:term":[{"taxonomy":"category","embeddable":true,"href":"https:\/\/www.apordoc.org\/index.php?rest_route=%2Fwp%2Fv2%2Fcategories&post=788"},{"taxonomy":"post_tag","embeddable":true,"href":"https:\/\/www.apordoc.org\/index.php?rest_route=%2Fwp%2Fv2%2Ftags&post=788"}],"curies":[{"name":"wp","href":"https:\/\/api.w.org\/{rel}","templated":true}]}}