{"id":599,"date":"2016-07-01T12:17:29","date_gmt":"2016-07-01T12:17:29","guid":{"rendered":"http:\/\/www.apordoc.org\/?p=599"},"modified":"2016-07-14T12:25:26","modified_gmt":"2016-07-14T12:25:26","slug":"lisbon-docs-2016-tutores-e-panelistas-anunciados","status":"publish","type":"post","link":"https:\/\/www.apordoc.org\/?p=599","title":{"rendered":"LISBON DOCS 2016 | TUTORES E PANELISTAS ANUNCIADOS"},"content":{"rendered":"<p class=\"western\">A 17\u00aa edi\u00e7\u00e3o do F\u00f3rum Internacional de de Financiamento e Co- Produ\u00e7\u00e3o de Document\u00e1rios realiza-se de 17 a 22 de Outubro, na Culturgest.<\/p>\n<p class=\"western\">As inscri\u00e7\u00f5es para a pr\u00f3xima edi\u00e7\u00e3o do Lisbon Docs est\u00e3o a decorrer neste momento e fecham no pr\u00f3ximo dia 30 de Julho. Poder\u00e1 submeter o seu projecto atrav\u00e9s do site oficial do <strong><a href=\"http:\/\/www.lisbondocs.org\/lisbondocs2016\/\">Lisbon Docs<\/a><\/strong> .<br \/>\nA lista de tutores para a pr\u00f3xima edi\u00e7\u00e3o do f\u00f3rum j\u00e1 se encontra fechada, juntamente com os primeiros panelistas.<\/p>\n<p class=\"western\"><b>LISTA COMPLETA DE TUTORES<\/b><\/p>\n<p class=\"western\"><strong>Edda Baumann von Broen<br \/>\n<\/strong>Produtora | Alemanha<\/p>\n<p class=\"western\"><strong>Tracie Holder<br \/>\n<\/strong>Produtora, Realizadora, Especialista em financiamento EUA | EUA<\/p>\n<p class=\"western\"><strong>Marta Andreu<br \/>\n<\/strong>Realizadora | Espanha<\/p>\n<p class=\"western\"><strong>Audrius Stonys<br \/>\n<\/strong>Realizador | Litu\u00e2nia<\/p>\n<p class=\"western\"><strong>Peter J\u00e4ger<br \/>\n<\/strong>Consultante em Distribui\u00e7\u00e3o, Sales e Marketing (Autlook) | \u00c1ustria<\/p>\n<p class=\"western\"><strong>Thomas Ernst<br \/>\n<\/strong>Montador | Alemanha<\/p>\n<p class=\"western\"><strong>Gra\u00e7a Castanheira<br \/>\n<\/strong>Realizadora | Portugal<\/p>\n<p class=\"western\"><strong>Christian Popp<br \/>\n<\/strong>Produtor, Consultante (YUZU Productions) | Fran\u00e7a<\/p>\n<p class=\"western\"><b>PAINEL DE PITCHING &#8211; NOMES ANUNCIADOS<\/b><\/p>\n<p class=\"western\"><strong>Jenny Westergaard<br \/>\n<\/strong>YLE\/FST (TV) | Finl\u00e2ndia<\/p>\n<p class=\"western\"><strong>Astrid Olsen<br \/>\n<\/strong>SVT (TV) | Su\u00e9cia<\/p>\n<p class=\"western\"><strong>Jess Gormley<br \/>\n<\/strong>The Guardian (Jornal) | Reino Unido<\/p>\n<p class=\"western\"><strong>Elizabeth McIntyre<br \/>\n<\/strong>Sheffield Doc\/Fest (Festival) | Reino Unido<\/p>\n<p class=\"western\"><strong>Stefan Kloos<br \/>\n<\/strong>Rise &amp; Shine (World Sales) | Alemanha<\/p>\n<p class=\"western\"><strong>Margje de Koning<br \/>\n<\/strong>IKON (TV) | Holanda<\/p>\n<p class=\"western\"><strong>Marketa Stinglova<br \/>\n<\/strong>Czech Television (TV) | Rep\u00fablica Checa<\/p>\n<p class=\"western\"><strong>Tom Koch<br \/>\n<\/strong>PBS (TV) | EUA<\/p>\n<p class=\"western\"><strong>Suzanne Biermann<br \/>\n<\/strong>ARTE G.E.I.E. (TV) | Fran\u00e7a<\/p>\n","protected":false},"excerpt":{"rendered":"<p>A 17\u00aa edi\u00e7\u00e3o do F\u00f3rum Internacional de de Financiamento e Co- Produ\u00e7\u00e3o de Document\u00e1rios realiza-se de 17 a 22 de Outubro, na Culturgest. As inscri\u00e7\u00f5es para a pr\u00f3xima edi\u00e7\u00e3o do Lisbon Docs est\u00e3o a decorrer neste momento e fecham no&#8230;<\/p>\n","protected":false},"author":2,"featured_media":570,"comment_status":"open","ping_status":"open","sticky":false,"template":"","format":"standard","meta":{"_exactmetrics_skip_tracking":false,"_exactmetrics_sitenote_active":false,"_exactmetrics_sitenote_note":"","_exactmetrics_sitenote_category":0,"footnotes":""},"categories":[1],"tags":[],"class_list":["post-599","post","type-post","status-publish","format-standard","has-post-thumbnail","hentry","category-uncategorized"],"_links":{"self":[{"href":"https:\/\/www.apordoc.org\/index.php?rest_route=\/wp\/v2\/posts\/599","targetHints":{"allow":["GET"]}}],"collection":[{"href":"https:\/\/www.apordoc.org\/index.php?rest_route=\/wp\/v2\/posts"}],"about":[{"href":"https:\/\/www.apordoc.org\/index.php?rest_route=\/wp\/v2\/types\/post"}],"author":[{"embeddable":true,"href":"https:\/\/www.apordoc.org\/index.php?rest_route=\/wp\/v2\/users\/2"}],"replies":[{"embeddable":true,"href":"https:\/\/www.apordoc.org\/index.php?rest_route=%2Fwp%2Fv2%2Fcomments&post=599"}],"version-history":[{"count":2,"href":"https:\/\/www.apordoc.org\/index.php?rest_route=\/wp\/v2\/posts\/599\/revisions"}],"predecessor-version":[{"id":604,"href":"https:\/\/www.apordoc.org\/index.php?rest_route=\/wp\/v2\/posts\/599\/revisions\/604"}],"wp:featuredmedia":[{"embeddable":true,"href":"https:\/\/www.apordoc.org\/index.php?rest_route=\/wp\/v2\/media\/570"}],"wp:attachment":[{"href":"https:\/\/www.apordoc.org\/index.php?rest_route=%2Fwp%2Fv2%2Fmedia&parent=599"}],"wp:term":[{"taxonomy":"category","embeddable":true,"href":"https:\/\/www.apordoc.org\/index.php?rest_route=%2Fwp%2Fv2%2Fcategories&post=599"},{"taxonomy":"post_tag","embeddable":true,"href":"https:\/\/www.apordoc.org\/index.php?rest_route=%2Fwp%2Fv2%2Ftags&post=599"}],"curies":[{"name":"wp","href":"https:\/\/api.w.org\/{rel}","templated":true}]}}