{"id":590,"date":"2016-07-13T12:09:12","date_gmt":"2016-07-13T12:09:12","guid":{"rendered":"http:\/\/www.apordoc.org\/?p=590"},"modified":"2016-07-15T14:16:14","modified_gmt":"2016-07-15T14:16:14","slug":"docs-kingdom-2016-inscricoes-abertas","status":"publish","type":"post","link":"https:\/\/www.apordoc.org\/?p=590","title":{"rendered":"DOC&#8217;S KINGDOM 2016 | INSCRI\u00c7\u00d5ES ABERTAS"},"content":{"rendered":"<p class=\"western\"><b>Est\u00e3o abertas, at\u00e9 19 de Agosto<\/b>, as inscri\u00e7\u00f5es para o Doc&#8217;s Kingdom \u2013 Semin\u00e1rio Internacional sobre Cinema Documental, que decorre este ano de 3 a 8 de Setembro em Arcos de Valdevez.<\/p>\n<p class=\"western\">Programado por Aily Nash e Nuno Lisboa, o semin\u00e1rio prop\u00f5e \u201cO fim da natureza\u201d como ponto de partida para o programa de filmes, debates e encontros desta edi\u00e7\u00e3o, com a presen\u00e7a de Ana Vaz (Brasil), Dominic Gagnon (Canad\u00e1), J.P. Sniadecki (E.U.A.), Juliane Henrich (Alemanha), Kidlat Tahimik (Filipinas), Ra\u00fal Domingues (Portugal) e outros realizadores convidados a anunciar brevemente.<\/p>\n<p class=\"western\">Colocando a possibilidade de uma ecologia das imagens num mundo saturado de imagens, o Doc&#8217;s Kingdom 2016 convida-nos para uma viagem em todas as direc\u00e7\u00f5es cardeais, com um grupo de realizadores cujo cinema prop\u00f5e novos mapas para o uso e leitura das imagens no mundo de hoje. A ecologia global encontra-se irreversivelmente afectada pela ac\u00e7\u00e3o humana. Partir do fim implica olhar para o futuro a partir dos sintomas do presente.<\/p>\n<p class=\"western\">O Doc&#8217;s Kingdom encoraja a participa\u00e7\u00e3o global em todo o semin\u00e1rio, prop\u00f5e pacotes de inscri\u00e7\u00e3o com alojamento e alimenta\u00e7\u00e3o inclu\u00eddos e n\u00e3o publica previamente o programa detalhado de sess\u00f5es, com um alinhamento \u00fanico e sem eventos paralelos. Cada dia \u00e9 composto por sess\u00f5es de visionamento com in\u00edcio pela manh\u00e3, seguidas de debates colectivos com a presen\u00e7a dos realizadores. O Doc&#8217;s Kingdom \u00e9 a experi\u00eancia integral e cumulativa que abarca as sess\u00f5es de cinema, os debates e o encontro colectivo numa atmosfera informal, com os cineastas convidados presentes durante todo o semin\u00e1rio.<\/p>\n<p class=\"western\">Mais informa\u00e7\u00f5es e inscri\u00e7\u00f5es\u00a0<strong> <a href=\"http:\/\/www.docskingdom.org\/pt\/actual\/inscricoes.html\">AQUI<\/a><\/strong><\/p>\n<p class=\"western\"><strong>Imagem\u00a0 \u00a9<\/strong>Ana Eliseu<\/p>\n<p class=\"western\">\n","protected":false},"excerpt":{"rendered":"<p>Est\u00e3o abertas, at\u00e9 19 de Agosto, as inscri\u00e7\u00f5es para o Doc&#8217;s Kingdom \u2013 Semin\u00e1rio Internacional sobre Cinema Documental, que decorre este ano de 3 a 8 de Setembro em Arcos de Valdevez. Programado por Aily Nash e Nuno Lisboa, o&#8230;<\/p>\n","protected":false},"author":2,"featured_media":622,"comment_status":"open","ping_status":"open","sticky":false,"template":"","format":"standard","meta":{"_exactmetrics_skip_tracking":false,"_exactmetrics_sitenote_active":false,"_exactmetrics_sitenote_note":"","_exactmetrics_sitenote_category":0,"footnotes":""},"categories":[1],"tags":[],"class_list":["post-590","post","type-post","status-publish","format-standard","has-post-thumbnail","hentry","category-uncategorized"],"_links":{"self":[{"href":"https:\/\/www.apordoc.org\/index.php?rest_route=\/wp\/v2\/posts\/590","targetHints":{"allow":["GET"]}}],"collection":[{"href":"https:\/\/www.apordoc.org\/index.php?rest_route=\/wp\/v2\/posts"}],"about":[{"href":"https:\/\/www.apordoc.org\/index.php?rest_route=\/wp\/v2\/types\/post"}],"author":[{"embeddable":true,"href":"https:\/\/www.apordoc.org\/index.php?rest_route=\/wp\/v2\/users\/2"}],"replies":[{"embeddable":true,"href":"https:\/\/www.apordoc.org\/index.php?rest_route=%2Fwp%2Fv2%2Fcomments&post=590"}],"version-history":[{"count":5,"href":"https:\/\/www.apordoc.org\/index.php?rest_route=\/wp\/v2\/posts\/590\/revisions"}],"predecessor-version":[{"id":628,"href":"https:\/\/www.apordoc.org\/index.php?rest_route=\/wp\/v2\/posts\/590\/revisions\/628"}],"wp:featuredmedia":[{"embeddable":true,"href":"https:\/\/www.apordoc.org\/index.php?rest_route=\/wp\/v2\/media\/622"}],"wp:attachment":[{"href":"https:\/\/www.apordoc.org\/index.php?rest_route=%2Fwp%2Fv2%2Fmedia&parent=590"}],"wp:term":[{"taxonomy":"category","embeddable":true,"href":"https:\/\/www.apordoc.org\/index.php?rest_route=%2Fwp%2Fv2%2Fcategories&post=590"},{"taxonomy":"post_tag","embeddable":true,"href":"https:\/\/www.apordoc.org\/index.php?rest_route=%2Fwp%2Fv2%2Ftags&post=590"}],"curies":[{"name":"wp","href":"https:\/\/api.w.org\/{rel}","templated":true}]}}