{"id":572,"date":"2016-06-08T10:46:22","date_gmt":"2016-06-08T10:46:22","guid":{"rendered":"http:\/\/www.apordoc.org\/?p=572"},"modified":"2016-06-30T09:59:39","modified_gmt":"2016-06-30T09:59:39","slug":"the-lab-by-lisbon-docs-2016-inscricoes-abertas","status":"publish","type":"post","link":"https:\/\/www.apordoc.org\/?p=572","title":{"rendered":"THE LAB BY LISBON DOCS 2016 | INSCRI\u00c7\u00d5ES ABERTAS"},"content":{"rendered":"<p>Em antecipa\u00e7\u00e3o ao 17\u00ba LISBON DOCS\u2014F\u00f3rum Internacional de Financiamento e Co-produ\u00e7\u00e3o de Document\u00e1rios, est\u00e3o abertas as inscri\u00e7\u00f5es para a 2\u00aa edi\u00e7\u00e3o do THE LAB by Lisbon Docs.<\/p>\n<p>O THE LAB \u00e9 uma forma\u00e7\u00e3o intensiva e laborat\u00f3rio de desenvolvimento de cinema documental, aberta a estudantes e profissionais de cinema que pretendam consolidar os seus projectos em fase inicial de desenvolvimento.<\/p>\n<p>O programa \u00e9 organizado em duas sess\u00f5es dedicadas ao trabalho de pesquisa, desenvolvimento, concep\u00e7\u00e3o e conceito para filme document\u00e1rio, criando-se um espa\u00e7o de trabalho repartido em forma\u00e7\u00e3o, tutorias individuais e din\u00e2micas de grupo.<\/p>\n<p>Os participantes do laborat\u00f3rio contam com o acompanhamento de dois tutores profissionais de excel\u00eancia, Isabel Machado, produtora da C.R.I.M. (Lisboa), e Antje Boehmert, produtora da DOCDAYS Productions (Berlim).<\/p>\n<p><strong>CANDIDATURAS ABERTAS AT\u00c9 AO DIA 10 DE JULHO<\/strong><br \/>\nOs candidatos devem enviar em ingl\u00eas:<br \/>\n&#8211; cronograma de execu\u00e7\u00e3o e estado de desenvolvimento;<br \/>\n&#8211; biografia \/ filmografia do(s) candidato(s);<br \/>\n&#8211; uma apresenta\u00e7\u00e3o da ideia (at\u00e9 duas p\u00e1ginas);<br \/>\n&#8211; material de pesquisa;<br \/>\n&#8211; objectivos de participa\u00e7\u00e3o no THE LAB.<\/p>\n<p>Todos os materiais e pedidos de informa\u00e7\u00f5es devem ser remetidos para lisbondocs@apordoc.org.<\/p>\n<p>A participa\u00e7\u00e3o nos dois dias do laborat\u00f3rio tem um custo de 40\u20ac (geral) ou 25\u20ac (estudantes e s\u00f3cios Apordoc).<\/p>\n<p><strong>A forma\u00e7\u00e3o ter\u00e1 lugar nos dias 25 e 26 de Julho no Espa\u00e7o Santa Catarina, da Junta de Freguesia da Miseric\u00f3rdia, das 9h30 \u00e0s 19h.<\/strong><\/p>\n<p><a href=\"http:\/\/www.lisbondocs.org\/lisbondocs2016\/\">www.lisbondocs.org<\/a><br \/>\n<a href=\"https:\/\/twitter.com\/lisbondocs\">www.twitter.com\/lisbondocs<br \/>\n<\/a><a href=\"https:\/\/www.facebook.com\/events\/400501516786834\/\">https:\/\/www.facebook.com\/events\/400501516786834\/<\/a><\/p>\n","protected":false},"excerpt":{"rendered":"<p>Em antecipa\u00e7\u00e3o ao 17\u00ba LISBON DOCS\u2014F\u00f3rum Internacional de Financiamento e Co-produ\u00e7\u00e3o de Document\u00e1rios, est\u00e3o abertas as inscri\u00e7\u00f5es para a 2\u00aa edi\u00e7\u00e3o do THE LAB by Lisbon Docs. O THE LAB \u00e9 uma forma\u00e7\u00e3o intensiva e laborat\u00f3rio de desenvolvimento de cinema&#8230;<\/p>\n","protected":false},"author":2,"featured_media":573,"comment_status":"open","ping_status":"open","sticky":false,"template":"","format":"standard","meta":{"_exactmetrics_skip_tracking":false,"_exactmetrics_sitenote_active":false,"_exactmetrics_sitenote_note":"","_exactmetrics_sitenote_category":0,"footnotes":""},"categories":[1],"tags":[],"class_list":["post-572","post","type-post","status-publish","format-standard","has-post-thumbnail","hentry","category-uncategorized"],"_links":{"self":[{"href":"https:\/\/www.apordoc.org\/index.php?rest_route=\/wp\/v2\/posts\/572","targetHints":{"allow":["GET"]}}],"collection":[{"href":"https:\/\/www.apordoc.org\/index.php?rest_route=\/wp\/v2\/posts"}],"about":[{"href":"https:\/\/www.apordoc.org\/index.php?rest_route=\/wp\/v2\/types\/post"}],"author":[{"embeddable":true,"href":"https:\/\/www.apordoc.org\/index.php?rest_route=\/wp\/v2\/users\/2"}],"replies":[{"embeddable":true,"href":"https:\/\/www.apordoc.org\/index.php?rest_route=%2Fwp%2Fv2%2Fcomments&post=572"}],"version-history":[{"count":5,"href":"https:\/\/www.apordoc.org\/index.php?rest_route=\/wp\/v2\/posts\/572\/revisions"}],"predecessor-version":[{"id":589,"href":"https:\/\/www.apordoc.org\/index.php?rest_route=\/wp\/v2\/posts\/572\/revisions\/589"}],"wp:featuredmedia":[{"embeddable":true,"href":"https:\/\/www.apordoc.org\/index.php?rest_route=\/wp\/v2\/media\/573"}],"wp:attachment":[{"href":"https:\/\/www.apordoc.org\/index.php?rest_route=%2Fwp%2Fv2%2Fmedia&parent=572"}],"wp:term":[{"taxonomy":"category","embeddable":true,"href":"https:\/\/www.apordoc.org\/index.php?rest_route=%2Fwp%2Fv2%2Fcategories&post=572"},{"taxonomy":"post_tag","embeddable":true,"href":"https:\/\/www.apordoc.org\/index.php?rest_route=%2Fwp%2Fv2%2Ftags&post=572"}],"curies":[{"name":"wp","href":"https:\/\/api.w.org\/{rel}","templated":true}]}}