{"id":555,"date":"2015-10-14T16:19:55","date_gmt":"2015-10-14T16:19:55","guid":{"rendered":"http:\/\/www.apordoc.org\/?p=555"},"modified":"2015-10-14T16:21:48","modified_gmt":"2015-10-14T16:21:48","slug":"mostra-de-documentarios-portugueses-em-budapeste","status":"publish","type":"post","link":"https:\/\/www.apordoc.org\/?p=555","title":{"rendered":"Mostra de Document\u00e1rios Portugueses em Budapeste"},"content":{"rendered":"<p>A Apordoc &#8211; Associa\u00e7\u00e3o pelo Document\u00e1rio, em parceria com o Centro de L\u00edngua Portuguesa do Instituto Cam\u00f5es em Budapeste organizou uma mostra de document\u00e1rios portugueses em Budapeste, a acontecer na\u00a0DocuArt Filmm\u0171v\u00e9szeti K\u00f6zpont de Budapeste, Hungria.<\/p>\n<p>Esta mostra est\u00e1 organizada em quatro sess\u00f5es diferentes, entre dia 14 e 21 de Outubro.<\/p>\n<p><span style=\"font-weight: 400;\">14 out, 19h<\/span><\/p>\n<p><b>48 Susana de Sousa Dias<\/b><\/p>\n<p><span style=\"font-weight: 400;\">Portugal, 2009, 93&#8242; <\/span><\/p>\n<p><span style=\"font-weight: 400;\">16 out, 19h<\/span><\/p>\n<p><b>REDEMPTION Miguel Gomes<\/b><\/p>\n<p><span style=\"font-weight: 400;\">Portugal\/Fran\u00e7a\/Alemanha\/It\u00e1lia, 2013, 27\u2019 <\/span><\/p>\n<p><b>RU\u00cdNAS Manuel Mozos<\/b><\/p>\n<p><span style=\"font-weight: 400;\">Portugal, 2009, 60&#8242;<\/span><\/p>\n<p><span style=\"font-weight: 400;\">19 out, 19h<\/span><\/p>\n<p><b>TERRA DE NINGU\u00c9M Salom\u00e9 Lamas<\/b><\/p>\n<p><span style=\"font-weight: 400;\">Portugal, 2012, 72&#8242; <\/span><\/p>\n<p><span style=\"font-weight: 400;\">21 out, 19h<\/span><\/p>\n<p><b>E AGORA? LEMBRA-ME Joaquim Pinto<\/b><\/p>\n<p><span style=\"font-weight: 400;\">Portugal, 2013, 164&#8242; <\/span><\/p>\n","protected":false},"excerpt":{"rendered":"<p>A Apordoc &#8211; Associa\u00e7\u00e3o pelo Document\u00e1rio, em parceria com o Centro de L\u00edngua Portuguesa do Instituto Cam\u00f5es em Budapeste organizou uma mostra de document\u00e1rios portugueses em Budapeste, a acontecer na\u00a0DocuArt Filmm\u0171v\u00e9szeti K\u00f6zpont de Budapeste, Hungria. Esta mostra est\u00e1 organizada em&#8230;<\/p>\n","protected":false},"author":2,"featured_media":556,"comment_status":"open","ping_status":"open","sticky":false,"template":"","format":"standard","meta":{"_exactmetrics_skip_tracking":false,"_exactmetrics_sitenote_active":false,"_exactmetrics_sitenote_note":"","_exactmetrics_sitenote_category":0,"footnotes":""},"categories":[1],"tags":[],"class_list":["post-555","post","type-post","status-publish","format-standard","has-post-thumbnail","hentry","category-uncategorized"],"_links":{"self":[{"href":"https:\/\/www.apordoc.org\/index.php?rest_route=\/wp\/v2\/posts\/555","targetHints":{"allow":["GET"]}}],"collection":[{"href":"https:\/\/www.apordoc.org\/index.php?rest_route=\/wp\/v2\/posts"}],"about":[{"href":"https:\/\/www.apordoc.org\/index.php?rest_route=\/wp\/v2\/types\/post"}],"author":[{"embeddable":true,"href":"https:\/\/www.apordoc.org\/index.php?rest_route=\/wp\/v2\/users\/2"}],"replies":[{"embeddable":true,"href":"https:\/\/www.apordoc.org\/index.php?rest_route=%2Fwp%2Fv2%2Fcomments&post=555"}],"version-history":[{"count":3,"href":"https:\/\/www.apordoc.org\/index.php?rest_route=\/wp\/v2\/posts\/555\/revisions"}],"predecessor-version":[{"id":559,"href":"https:\/\/www.apordoc.org\/index.php?rest_route=\/wp\/v2\/posts\/555\/revisions\/559"}],"wp:featuredmedia":[{"embeddable":true,"href":"https:\/\/www.apordoc.org\/index.php?rest_route=\/wp\/v2\/media\/556"}],"wp:attachment":[{"href":"https:\/\/www.apordoc.org\/index.php?rest_route=%2Fwp%2Fv2%2Fmedia&parent=555"}],"wp:term":[{"taxonomy":"category","embeddable":true,"href":"https:\/\/www.apordoc.org\/index.php?rest_route=%2Fwp%2Fv2%2Fcategories&post=555"},{"taxonomy":"post_tag","embeddable":true,"href":"https:\/\/www.apordoc.org\/index.php?rest_route=%2Fwp%2Fv2%2Ftags&post=555"}],"curies":[{"name":"wp","href":"https:\/\/api.w.org\/{rel}","templated":true}]}}