{"id":406,"date":"2015-04-02T15:19:54","date_gmt":"2015-04-02T15:19:54","guid":{"rendered":"http:\/\/www.apordoc.org\/?p=406"},"modified":"2015-04-02T15:20:39","modified_gmt":"2015-04-02T15:20:39","slug":"panorama-revela-programacao-para-2015","status":"publish","type":"post","link":"https:\/\/www.apordoc.org\/?p=406","title":{"rendered":"Panorama revela programa\u00e7\u00e3o para 2015"},"content":{"rendered":"<p>A programa\u00e7\u00e3o da 9.\u00aa Mostra do Document\u00e1rio Portugu\u00eas foi apresentada ontem em Confer\u00eancia de Imprensa. O Panorama realiza-se, este ano, de 15 a 19 de Abril e exibir\u00e1 37 filmes em 16 sess\u00f5es. Das obras apresentadas, 12 s\u00e3o em formato de longa-metragem e 25 s\u00e3o curtas-metragens.<\/p>\n<p>Amarante Abramovici e In\u00eas Sapeta Dias, programadoras da 9.\u00aa edi\u00e7\u00e3o da Mostra, apresentaram a sess\u00e3o e destacaram o facto de este ser o ano em que \u00e9 mais flagrante \u201ca constru\u00e7\u00e3o da programa\u00e7\u00e3o a partir do visionamento de cada filme e do que cada um deles indica sobre a sua rela\u00e7\u00e3o com o presente.\u201c<\/p>\n<p>A 9.\u00aa mostra do document\u00e1rio portugu\u00eas ser\u00e1 \u201ccomentada\u201d pelas obras de Jo\u00e3o C\u00e9sar Monteiro, cineasta em cuja obra ecoam muitos dos tra\u00e7os mais marcantes da selec\u00e7\u00e3o de filmes contempor\u00e2neos da programa\u00e7\u00e3o, nas palavras das programadoras, filmes \u201conde est\u00e3o presentes os elementos fundamentais da programa\u00e7\u00e3o contempor\u00e2nea deste panorama: a fam\u00edlia, a casa, aquilo que est\u00e1 perto, os percursos de todos os dias, as ru\u00ednas da cidade da paisagem, dos pr\u00f3prios filmes \u2013 mas sobretudo encontra-se neles com particular ast\u00facia, a reflex\u00e3o sobre o contexto e o processo em que cada filme teve de existir e de ser feito para ser visto.\u201d<\/p>\n<p>Este \u00e9 o primeiro ano em que o Panorama assume um formato sem sec\u00e7\u00f5es \u2013 num apelo \u00e0 discuss\u00e3o aberta sobre o momento presente do cinema portugu\u00eas e pela necessidade de radicalizar e reaproximar o PANORAMA dos seus princ\u00edpios e assumindo-se como \u201cuma vista larga, ampla e cr\u00edtica sobre o document\u00e1rio portugu\u00eas, e ser uma reflex\u00e3o sobre a situa\u00e7\u00e3o desse document\u00e1rio na hist\u00f3ria do cinema portugu\u00eas como um todo.\u201d<\/p>\n<p>Foram tamb\u00e9m estes motivos que levaram com que a Mostra abandonasse o modelo de espa\u00e7o fixo de exibi\u00e7\u00e3o, desta feita o Panorama ocorre em 11 espa\u00e7os: F\u00f3rum Lisboa; Cinemateca Portuguesa; Hospital J\u00falio de Matos; Par\u00f3quia de Santa Joana; Princesa; Culturgest; Centro Cultural Malaposta; Cinema Ideal; Cinemateca J\u00fanior; Museu Geol\u00f3gico; Museu Nacional de Hist\u00f3ria Natural e da Ci\u00eancia e Reservat\u00f3rio da M\u00e3e d\u2019\u00c1gua.<\/p>\n<p>Mais uma das novidades desta edi\u00e7\u00e3o do Panorama \u00e9 o surgimento das sess\u00f5es dedicadas a toda a fam\u00edlia, a ocorrer na Cinemateca J\u00fanior e no Centro Cultural Malaposta.<\/p>\n<p>Este \u00e9 o primeiro ano em que a Apordoc \u2013 Associa\u00e7\u00e3o pelo Document\u00e1rio assume em exclusivo a organiza\u00e7\u00e3o do evento, que \u00e9 feito em co-produ\u00e7\u00e3o com a C\u00e2mara Municipal de Odivelas e Cinemateca Portuguesa \u2013 Museu do Cinema.<\/p>\n<p><small><br \/>\nO pre\u00e7o dos bilhetes \u00e9 de 3 euros (2 euros para estudantes e s\u00f3cios Apordoc).<br \/>\nOs bilhetes est\u00e3o \u00e0 venda a partir de dia 10 de Abril na Ticketline e locais aderentes.<br \/>\nOs bilhetes para as sess\u00f5es no Cinema Ideal s\u00e3o adquiridos somente no cinema. Os bilhetes para as sess\u00f5es na Cinemateca s\u00e3o adquiridos no local e de acordo com os pre\u00e7os em vigor na tabela da Cinemateca Portuguesa.<\/small><\/p>\n","protected":false},"excerpt":{"rendered":"<p>A programa\u00e7\u00e3o da 9.\u00aa Mostra do Document\u00e1rio Portugu\u00eas foi apresentada ontem em Confer\u00eancia de Imprensa. O Panorama realiza-se, este ano, de 15 a 19 de Abril e exibir\u00e1 37 filmes em 16 sess\u00f5es. Das obras apresentadas, 12 s\u00e3o em formato&#8230;<\/p>\n","protected":false},"author":2,"featured_media":408,"comment_status":"open","ping_status":"open","sticky":false,"template":"","format":"standard","meta":{"_exactmetrics_skip_tracking":false,"_exactmetrics_sitenote_active":false,"_exactmetrics_sitenote_note":"","_exactmetrics_sitenote_category":0,"footnotes":""},"categories":[1],"tags":[],"class_list":["post-406","post","type-post","status-publish","format-standard","has-post-thumbnail","hentry","category-uncategorized"],"_links":{"self":[{"href":"https:\/\/www.apordoc.org\/index.php?rest_route=\/wp\/v2\/posts\/406","targetHints":{"allow":["GET"]}}],"collection":[{"href":"https:\/\/www.apordoc.org\/index.php?rest_route=\/wp\/v2\/posts"}],"about":[{"href":"https:\/\/www.apordoc.org\/index.php?rest_route=\/wp\/v2\/types\/post"}],"author":[{"embeddable":true,"href":"https:\/\/www.apordoc.org\/index.php?rest_route=\/wp\/v2\/users\/2"}],"replies":[{"embeddable":true,"href":"https:\/\/www.apordoc.org\/index.php?rest_route=%2Fwp%2Fv2%2Fcomments&post=406"}],"version-history":[{"count":2,"href":"https:\/\/www.apordoc.org\/index.php?rest_route=\/wp\/v2\/posts\/406\/revisions"}],"predecessor-version":[{"id":409,"href":"https:\/\/www.apordoc.org\/index.php?rest_route=\/wp\/v2\/posts\/406\/revisions\/409"}],"wp:featuredmedia":[{"embeddable":true,"href":"https:\/\/www.apordoc.org\/index.php?rest_route=\/wp\/v2\/media\/408"}],"wp:attachment":[{"href":"https:\/\/www.apordoc.org\/index.php?rest_route=%2Fwp%2Fv2%2Fmedia&parent=406"}],"wp:term":[{"taxonomy":"category","embeddable":true,"href":"https:\/\/www.apordoc.org\/index.php?rest_route=%2Fwp%2Fv2%2Fcategories&post=406"},{"taxonomy":"post_tag","embeddable":true,"href":"https:\/\/www.apordoc.org\/index.php?rest_route=%2Fwp%2Fv2%2Ftags&post=406"}],"curies":[{"name":"wp","href":"https:\/\/api.w.org\/{rel}","templated":true}]}}