{"id":345,"date":"2015-01-22T15:14:59","date_gmt":"2015-01-22T15:14:59","guid":{"rendered":"http:\/\/www.apordoc.org\/?p=345"},"modified":"2015-01-22T15:14:59","modified_gmt":"2015-01-22T15:14:59","slug":"a-apordoc-associacao-pelo-documentario-abre-vaga-para-producao-executiva-2","status":"publish","type":"post","link":"https:\/\/www.apordoc.org\/?p=345","title":{"rendered":"A APORDOC \u2013 Associa\u00e7\u00e3o pelo Document\u00e1rio abre vaga para Produ\u00e7\u00e3o Executiva"},"content":{"rendered":"<p style=\"font-size: 13.3333339691162px; line-height: 23.1111125946045px;\">\n\t<span style=\"font-size: 13.3333339691162px; line-height: 23.1111125946045px;\">Os candidatos a Produtor Executivo devem possuir:<\/span>\n<\/p>\n<p style=\"font-size: 13.3333339691162px; line-height: 23.1111125946045px;\">\n\t&#8211; Experi&ecirc;ncia profissional comprovada m&iacute;nima de 5 anos em fun&ccedil;&otilde;es similares, nomeadamente na &aacute;rea de&nbsp;Produ&ccedil;&atilde;o de Eventos;<br \/>\n\t&#8211; Experi&ecirc;ncia em gest&atilde;o de or&ccedil;amentos em projectos culturais;<br \/>\n\t&#8211; Elevada capacidade de organiza&ccedil;&atilde;o e planeamento;<br \/>\n\t&#8211; Conhecimento de t&eacute;cnicas de angaria&ccedil;&atilde;o e gest&atilde;o de fundos;<br \/>\n\t&#8211; Excelentes capacidades de lideran&ccedil;a, coordena&ccedil;&atilde;o de equipas, relacionamento interpessoal e&nbsp;proactividade;<br \/>\n\t&#8211; Bom conhecimento do meio cinematogr&aacute;fico portugu&ecirc;s;<br \/>\n\t&#8211; Cultura cinematogr&aacute;fica alargada;&nbsp;<br \/>\n\t&#8211; Dom&iacute;nio do idioma ingl&ecirc;s.\n<\/p>\n<p style=\"font-size: 13.3333339691162px; line-height: 23.1111125946045px;\">\n\tCaso re&uacute;na as condi&ccedil;&otilde;es acima referidas, por favor envie o seu CV e uma carta de apresenta&ccedil;&atilde;o para&nbsp;<a href=\"mailto:geral@apordoc.org\">geral@apordoc.org<\/a>, at&eacute;&nbsp;ao&nbsp;dia 30 de Janeiro.&nbsp;&nbsp;<\/p>\n<p>\tNOTA: O&nbsp;prazo de candidatura ser&aacute; prolongado at&eacute; ao dia 1 de Fevereiro.<\/p>\n","protected":false},"excerpt":{"rendered":"<p>Os candidatos a Produtor Executivo devem possuir: &#8211; Experi&ecirc;ncia profissional comprovada m&iacute;nima de 5 anos em fun&ccedil;&otilde;es similares, nomeadamente na &aacute;rea de&nbsp;Produ&ccedil;&atilde;o de Eventos; &#8211; Experi&ecirc;ncia em gest&atilde;o de or&ccedil;amentos em projectos culturais; &#8211; Elevada capacidade de organiza&ccedil;&atilde;o e planeamento;&#8230;<\/p>\n","protected":false},"author":2,"featured_media":0,"comment_status":"closed","ping_status":"closed","sticky":false,"template":"","format":"standard","meta":{"_exactmetrics_skip_tracking":false,"_exactmetrics_sitenote_active":false,"_exactmetrics_sitenote_note":"","_exactmetrics_sitenote_category":0,"footnotes":""},"categories":[8],"tags":[],"class_list":["post-345","post","type-post","status-publish","format-standard","hentry","category-noticias"],"_links":{"self":[{"href":"https:\/\/www.apordoc.org\/index.php?rest_route=\/wp\/v2\/posts\/345","targetHints":{"allow":["GET"]}}],"collection":[{"href":"https:\/\/www.apordoc.org\/index.php?rest_route=\/wp\/v2\/posts"}],"about":[{"href":"https:\/\/www.apordoc.org\/index.php?rest_route=\/wp\/v2\/types\/post"}],"author":[{"embeddable":true,"href":"https:\/\/www.apordoc.org\/index.php?rest_route=\/wp\/v2\/users\/2"}],"replies":[{"embeddable":true,"href":"https:\/\/www.apordoc.org\/index.php?rest_route=%2Fwp%2Fv2%2Fcomments&post=345"}],"version-history":[{"count":0,"href":"https:\/\/www.apordoc.org\/index.php?rest_route=\/wp\/v2\/posts\/345\/revisions"}],"wp:attachment":[{"href":"https:\/\/www.apordoc.org\/index.php?rest_route=%2Fwp%2Fv2%2Fmedia&parent=345"}],"wp:term":[{"taxonomy":"category","embeddable":true,"href":"https:\/\/www.apordoc.org\/index.php?rest_route=%2Fwp%2Fv2%2Fcategories&post=345"},{"taxonomy":"post_tag","embeddable":true,"href":"https:\/\/www.apordoc.org\/index.php?rest_route=%2Fwp%2Fv2%2Ftags&post=345"}],"curies":[{"name":"wp","href":"https:\/\/api.w.org\/{rel}","templated":true}]}}