{"id":141,"date":"2014-09-19T14:27:08","date_gmt":"2014-09-19T13:27:08","guid":{"rendered":"http:\/\/www.apordoc.org\/?p=141"},"modified":"2014-09-19T14:27:08","modified_gmt":"2014-09-19T13:27:08","slug":"apresentacao-do-programa-oficial-do-doclisboa14","status":"publish","type":"post","link":"https:\/\/www.apordoc.org\/?p=141","title":{"rendered":"Apresenta\u00e7\u00e3o do programa oficial do Doclisboa\u201914"},"content":{"rendered":"<p><b>O programa oficial da 12\u00aa edi\u00e7\u00e3o do Doclisboa\u201914 \u2013 Festival Internacional de Cinema ser\u00e1 anunciado no dia 23 de Setembro, \u00e0s 11h, na Culturgest \u2013 F\u00f3rum Debates.<\/b><\/p>\n<p>Ap\u00f3s anunciadas as retrospectivas ser\u00e1, agora, apresentada a programa\u00e7\u00e3o na \u00edntegra, as sec\u00e7\u00f5es competitivas, sec\u00e7\u00f5es paralelas, sess\u00f5es especiais, sec\u00e7\u00e3o Doc Alliance, membros do j\u00fari, actividades paralelas e demais informa\u00e7\u00f5es que fazem parte do festival. O evento \u00e9 aberto ao p\u00fablico.<\/p>\n<p>Para mais informa\u00e7\u00f5es, consulte a p\u00e1gina do <a href=\"http:\/\/doclisboa.org\/\"> Doclisboa <\/a>.<\/p>\n","protected":false},"excerpt":{"rendered":"<p>O programa oficial da 12\u00aa edi\u00e7\u00e3o do Doclisboa\u201914 \u2013 Festival Internacional de Cinema ser\u00e1 anunciado no dia 23 de Setembro, \u00e0s 11h, na Culturgest \u2013 F\u00f3rum Debates. Ap\u00f3s anunciadas as retrospectivas ser\u00e1, agora, apresentada a programa\u00e7\u00e3o na \u00edntegra, as sec\u00e7\u00f5es&#8230;<\/p>\n","protected":false},"author":2,"featured_media":0,"comment_status":"closed","ping_status":"closed","sticky":false,"template":"","format":"standard","meta":{"_exactmetrics_skip_tracking":false,"_exactmetrics_sitenote_active":false,"_exactmetrics_sitenote_note":"","_exactmetrics_sitenote_category":0,"footnotes":""},"categories":[8],"tags":[],"class_list":["post-141","post","type-post","status-publish","format-standard","hentry","category-noticias"],"_links":{"self":[{"href":"https:\/\/www.apordoc.org\/index.php?rest_route=\/wp\/v2\/posts\/141","targetHints":{"allow":["GET"]}}],"collection":[{"href":"https:\/\/www.apordoc.org\/index.php?rest_route=\/wp\/v2\/posts"}],"about":[{"href":"https:\/\/www.apordoc.org\/index.php?rest_route=\/wp\/v2\/types\/post"}],"author":[{"embeddable":true,"href":"https:\/\/www.apordoc.org\/index.php?rest_route=\/wp\/v2\/users\/2"}],"replies":[{"embeddable":true,"href":"https:\/\/www.apordoc.org\/index.php?rest_route=%2Fwp%2Fv2%2Fcomments&post=141"}],"version-history":[{"count":0,"href":"https:\/\/www.apordoc.org\/index.php?rest_route=\/wp\/v2\/posts\/141\/revisions"}],"wp:attachment":[{"href":"https:\/\/www.apordoc.org\/index.php?rest_route=%2Fwp%2Fv2%2Fmedia&parent=141"}],"wp:term":[{"taxonomy":"category","embeddable":true,"href":"https:\/\/www.apordoc.org\/index.php?rest_route=%2Fwp%2Fv2%2Fcategories&post=141"},{"taxonomy":"post_tag","embeddable":true,"href":"https:\/\/www.apordoc.org\/index.php?rest_route=%2Fwp%2Fv2%2Ftags&post=141"}],"curies":[{"name":"wp","href":"https:\/\/api.w.org\/{rel}","templated":true}]}}