{"id":1165,"date":"2024-04-22T15:32:45","date_gmt":"2024-04-22T15:32:45","guid":{"rendered":"https:\/\/www.apordoc.org\/?p=1165"},"modified":"2024-04-22T19:11:18","modified_gmt":"2024-04-22T19:11:18","slug":"inscricoes-abertas-para-laboratorio-arche-e-programa-de-residencias-raw","status":"publish","type":"post","link":"https:\/\/www.apordoc.org\/?p=1165","title":{"rendered":"INSCRI\u00c7\u00d5ES ABERTAS PARA LABORAT\u00d3RIO ARCH\u00c9\u00a0E PROGRAMA DE RESID\u00caNCIAS RAW"},"content":{"rendered":"\n<figure class=\"wp-block-image size-large\"><a href=\"https:\/\/www.apordoc.org\/wp-content\/uploads\/2024\/04\/ARCHE-IG-POST-1080X1080-1.png\"><img loading=\"lazy\" decoding=\"async\" width=\"1024\" height=\"1024\" src=\"https:\/\/www.apordoc.org\/wp-content\/uploads\/2024\/04\/ARCHE-IG-POST-1080X1080-1-1024x1024.png\" alt=\"\" class=\"wp-image-1167\" srcset=\"https:\/\/www.apordoc.org\/wp-content\/uploads\/2024\/04\/ARCHE-IG-POST-1080X1080-1-1024x1024.png 1024w, https:\/\/www.apordoc.org\/wp-content\/uploads\/2024\/04\/ARCHE-IG-POST-1080X1080-1-300x300.png 300w, https:\/\/www.apordoc.org\/wp-content\/uploads\/2024\/04\/ARCHE-IG-POST-1080X1080-1-150x150.png 150w, https:\/\/www.apordoc.org\/wp-content\/uploads\/2024\/04\/ARCHE-IG-POST-1080X1080-1-768x768.png 768w, https:\/\/www.apordoc.org\/wp-content\/uploads\/2024\/04\/ARCHE-IG-POST-1080X1080-1.png 1080w\" sizes=\"auto, (max-width: 1024px) 100vw, 1024px\" \/><\/a><\/figure>\n\n\n\n<p>Est\u00e3o abertas, at\u00e9 ao pr\u00f3ximo dia 19 de Maio, as inscri\u00e7\u00f5es para a 10\u00aa edi\u00e7\u00e3o do <a href=\"https:\/\/archespace.org\/\"><strong>ARCH\u00c9<\/strong><\/a><strong> <\/strong>\u2013 Espa\u00e7o de Pensamento e Desenvolvimento Criativo para novos projectos de filmes autorais em desenvolvimento, organizado pela <a href=\"https:\/\/www.apordoc.org\/\">Apordoc \u2013 Associa\u00e7\u00e3o pelo Document\u00e1rio<\/a> e que ter\u00e1 lugar entre 20 e 24 de Outubro de 2024, no contexto do&nbsp; <a href=\"https:\/\/doclisboa.org\/\">Doclisboa&nbsp; \u2013&nbsp; Festival Internacional de Cinema<\/a>.<\/p>\n\n\n\n<p>Do programa deste importante laborat\u00f3rio para o cinema documental emergente fazem parte oficinas de desenvolvimento de projecto com tutores, sess\u00f5es de apresenta\u00e7\u00e3o, encontros com agentes do sector e mesas redondas integradas no Nebulae, o espa\u00e7o de ind\u00fastria do Doclisboa, entre outras actividades. Os participantes concorrem tamb\u00e9m aos pr\u00e9mios ARCH\u00c9, que visam impulsionar a produ\u00e7\u00e3o e finaliza\u00e7\u00e3o de projectos.<\/p>\n\n\n\n<p>O ARCH\u00c9 est\u00e1 aberto a realizadores\/as com origem em pa\u00edses da Am\u00e9rica Latina, Portugal, Espanha e It\u00e1lia, com projectos de cinema com forte implica\u00e7\u00e3o no real, de matriz documental, que experimentem as potencialidades e limites desta mesma natureza.&nbsp;<\/p>\n\n\n\n<p>O ARCH\u00c9 tem o apoio do Programa Ibermedia.&nbsp;<\/p>\n\n\n\n<p>Link para regulamentos e formul\u00e1rio de inscri\u00e7\u00e3o <a href=\"https:\/\/archespace.org\/2024\/arche\/arche\/\">aqui.<\/a><\/p>\n\n\n\n<p><strong>PROGRAMA DE RESID\u00caNCIAS RAW<\/strong><\/p>\n\n\n\n<p>At\u00e9 19 de Maio decorrem tamb\u00e9m as inscri\u00e7\u00f5es para a sexta edi\u00e7\u00e3o do programa itinerante <strong>RAW: Resid\u00eancias Arch\u00e9\u2192Work<\/strong>. Organizado pela Apordoc e pelo <a href=\"https:\/\/www.margenes.org\/es\/festival\/index.html\"><strong>Festival de Cinema M\u00e1rgenes<\/strong><\/a> (Madrid), este programa destina-se quer a cineastas com um projecto de filme em desenvolvimento, quer a cr\u00edticos ou investigadores com um projecto de investiga\u00e7\u00e3o na \u00e1rea do cinema de n\u00e3o-fic\u00e7\u00e3o. Tal como o ARCH\u00c9, o RAW est\u00e1 aberto a realizadores\/as e investigadores\/as com origem em pa\u00edses ibero-americanos e It\u00e1lia.<\/p>\n\n\n\n<p>Os projectos seleccionados para o RAW participar\u00e3o no Arch\u00e9 (20 a 24 de Outubro) durante o Doclisboa e no M\u00e1rgenes\/Work, espa\u00e7o de trabalho do festival M\u00e1rgenes (26 a 30 de Novembro). No espa\u00e7o de tempo entre estes dois momentos, os participantes ficar\u00e3o em resid\u00eancia art\u00edstica em Lisboa (25 de Outubro a 25 de Novembro) para trabalhar nos seus projectos, com assessorias de tutores e profissionais da \u00e1rea, num programa orientado para a reflex\u00e3o e a cria\u00e7\u00e3o colectivas que permitir\u00e1 ainda o estreitar de la\u00e7os entre os participantes.&nbsp;<\/p>\n\n\n\n<p>O RAW \u00e9 um programa inovador de desenvolvimento criativo e de forma\u00e7\u00e3o, centrado em projectos audiovisuais com um forte car\u00e1cter autoral, com especial aten\u00e7\u00e3o \u00e0 n\u00e3o-fic\u00e7\u00e3o e \u00e0 experimenta\u00e7\u00e3o.<\/p>\n\n\n\n<p>As inscri\u00e7\u00f5es s\u00e3o gratuitas e devem ser feitas atrav\u00e9s <a href=\"https:\/\/archespace.org\/2024\/raw\/raw\/\">deste link.<\/a><\/p>\n\n\n\n<p><strong>DESTAQUES ARCH\u00c9&nbsp;<\/strong><\/p>\n\n\n\n<p>Pelo ARCH\u00c9 j\u00e1 passaram filmes como <em>A Metamorfose dos P\u00e1ssaros<\/em>, de Catarina Vasconcelos (estreado mundialmente na Berlinale 2020, onde venceu o pr\u00e9mio Fipresci); <em>Fantasmas: Caminho Longo para Casa<\/em>, de Tiago Siopa (estreado internacionalmente no Jihlava IDFF 2020, onde venceu a competi\u00e7\u00e3o Bright Lights); <em>Llamadas desde Mosc\u00fa<\/em>, de Luis Alejandro Yero, estreado na Berlinale 2023; e <em>A Savana e a Montanha<\/em>, de Paulo Carneiro, seleccionado para a Quinzena dos Cineastas do Festival de Cannes 2024.<\/p>\n\n\n\n<p>Entre os tutores do ARCH\u00c9 e RAW em edi\u00e7\u00f5es anteriores, contam-se nomes como Samuel M. Delgado, Helena Gir\u00f3n, Marta Andreu, Andr\u00e9s Duque, Diana Toucedo, Sergio Oksman, Tiago Hespanha, Nicol\u00e1s Rinc\u00f3n Gille e Virginia Garc\u00eda del Pino.<\/p>\n\n\n\n<p>Todas as informa\u00e7\u00f5es dispon\u00edveis em <a href=\"http:\/\/www.archespace.org\">www.archespace.org<\/a><\/p>\n","protected":false},"excerpt":{"rendered":"<p>Est\u00e3o abertas, at\u00e9 ao pr\u00f3ximo dia 19 de Maio, as inscri\u00e7\u00f5es para a 10\u00aa edi\u00e7\u00e3o do ARCH\u00c9 \u2013 Espa\u00e7o de Pensamento e Desenvolvimento Criativo para novos projectos de filmes autorais em desenvolvimento, organizado pela Apordoc \u2013 Associa\u00e7\u00e3o pelo Document\u00e1rio e&#8230;<\/p>\n","protected":false},"author":2,"featured_media":0,"comment_status":"closed","ping_status":"closed","sticky":false,"template":"","format":"standard","meta":{"_exactmetrics_skip_tracking":false,"_exactmetrics_sitenote_active":false,"_exactmetrics_sitenote_note":"","_exactmetrics_sitenote_category":0,"footnotes":""},"categories":[1],"tags":[],"class_list":["post-1165","post","type-post","status-publish","format-standard","hentry","category-uncategorized"],"_links":{"self":[{"href":"https:\/\/www.apordoc.org\/index.php?rest_route=\/wp\/v2\/posts\/1165","targetHints":{"allow":["GET"]}}],"collection":[{"href":"https:\/\/www.apordoc.org\/index.php?rest_route=\/wp\/v2\/posts"}],"about":[{"href":"https:\/\/www.apordoc.org\/index.php?rest_route=\/wp\/v2\/types\/post"}],"author":[{"embeddable":true,"href":"https:\/\/www.apordoc.org\/index.php?rest_route=\/wp\/v2\/users\/2"}],"replies":[{"embeddable":true,"href":"https:\/\/www.apordoc.org\/index.php?rest_route=%2Fwp%2Fv2%2Fcomments&post=1165"}],"version-history":[{"count":1,"href":"https:\/\/www.apordoc.org\/index.php?rest_route=\/wp\/v2\/posts\/1165\/revisions"}],"predecessor-version":[{"id":1168,"href":"https:\/\/www.apordoc.org\/index.php?rest_route=\/wp\/v2\/posts\/1165\/revisions\/1168"}],"wp:attachment":[{"href":"https:\/\/www.apordoc.org\/index.php?rest_route=%2Fwp%2Fv2%2Fmedia&parent=1165"}],"wp:term":[{"taxonomy":"category","embeddable":true,"href":"https:\/\/www.apordoc.org\/index.php?rest_route=%2Fwp%2Fv2%2Fcategories&post=1165"},{"taxonomy":"post_tag","embeddable":true,"href":"https:\/\/www.apordoc.org\/index.php?rest_route=%2Fwp%2Fv2%2Ftags&post=1165"}],"curies":[{"name":"wp","href":"https:\/\/api.w.org\/{rel}","templated":true}]}}