{"id":1123,"date":"2023-09-20T09:43:10","date_gmt":"2023-09-20T09:43:10","guid":{"rendered":"https:\/\/www.apordoc.org\/?p=1123"},"modified":"2023-09-20T09:43:10","modified_gmt":"2023-09-20T09:43:10","slug":"dois-projectos-portugueses-presentes-na-9a-edicao-do-laboratorio-arche","status":"publish","type":"post","link":"https:\/\/www.apordoc.org\/?p=1123","title":{"rendered":"DOIS PROJECTOS PORTUGUESES PRESENTES NA 9\u00aa EDI\u00c7\u00c3O DO LABORAT\u00d3RIO ARCH\u00c9"},"content":{"rendered":"\n<p>O&nbsp;<strong>Arch\u00e9<\/strong>, laborat\u00f3rio de desenvolvimento de projectos da&nbsp;Apordoc, acontece de 19 a 25 de Outubro no contexto do Nebulae \u2013 programa de ind\u00fastria do Doclisboa, e conta este ano com dois projectos portugueses:&nbsp;<strong><em>O Corpo Dela<\/em><\/strong>, de&nbsp;Ana Moreira&nbsp;(C.R.I.M.); e&nbsp;<strong><em>As Tuas Costas Ainda Ardem<\/em><\/strong>, de&nbsp;F\u00e1bio Silva&nbsp;(Cedro Pl\u00e1tano).<\/p>\n\n\n\n<p>Inscreveram-se, este ano, 354 projectos oriundos de 20 pa\u00edses ibero-americanos e It\u00e1lia, dos quais foram seleccionadas 12 produ\u00e7\u00f5es e tr\u00eas projectos de investiga\u00e7\u00e3o e cr\u00edtica&nbsp;de 10 pa\u00edses (mais informa\u00e7\u00e3o sobre todos os projectos&nbsp;<a href=\"https:\/\/archespace.org\/2023\/arche\/projectos\/\">aqui<\/a>). Os realizadores e produtores ir\u00e3o apresentar os seus projectos numa sess\u00e3o de pitching no dia 21 de Outubro, seguindo-se uma ronda de reuni\u00f5es individuais com agentes da ind\u00fastria internacional, com vista ao alargamento de oportunidades de co-produ\u00e7\u00e3o, distribui\u00e7\u00e3o e financiamento.<\/p>\n\n\n\n<p>No que toca aos dois projectos com produ\u00e7\u00e3o em Portugal,&nbsp;<strong><em>O Corpo Dela<\/em><\/strong>, com realiza\u00e7\u00e3o de&nbsp;<strong>Ana Moreira<\/strong>&nbsp;e produzido por Isabel Machado da C.R.I.M. Produ\u00e7\u00f5es, prop\u00f5e um vislumbre sobre o quotidiano e pr\u00e1tica art\u00edstica de Ana Isabel Castro, bailarina que nasceu na P\u00f3voa de Varzim.<\/p>\n\n\n\n<p>Em&nbsp;<strong><em>As Tuas Costas Ainda Ardem<\/em><\/strong>, de&nbsp;<strong>F\u00e1bio Silva<\/strong>, com produ\u00e7\u00e3o de Renata Sancho da Cedro Pl\u00e1tano, o realizador viaja com a sua m\u00e3e para Cabo Verde para compreender a evolu\u00e7\u00e3o das rela\u00e7\u00f5es extraconjugais no pa\u00eds, fen\u00f3meno social bastante presente ao longo do s\u00e9culo XX em Cabo Verde.<\/p>\n\n\n\n<figure class=\"wp-block-image size-large\"><a href=\"https:\/\/www.apordoc.org\/wp-content\/uploads\/2023\/09\/imagem-2.jpg\"><img loading=\"lazy\" decoding=\"async\" width=\"1024\" height=\"576\" src=\"https:\/\/www.apordoc.org\/wp-content\/uploads\/2023\/09\/imagem-2-1024x576.jpg\" alt=\"\" class=\"wp-image-1125\" srcset=\"https:\/\/www.apordoc.org\/wp-content\/uploads\/2023\/09\/imagem-2-1024x576.jpg 1024w, https:\/\/www.apordoc.org\/wp-content\/uploads\/2023\/09\/imagem-2-300x169.jpg 300w, https:\/\/www.apordoc.org\/wp-content\/uploads\/2023\/09\/imagem-2-768x432.jpg 768w, https:\/\/www.apordoc.org\/wp-content\/uploads\/2023\/09\/imagem-2-1536x864.jpg 1536w, https:\/\/www.apordoc.org\/wp-content\/uploads\/2023\/09\/imagem-2.jpg 1920w\" sizes=\"auto, (max-width: 1024px) 100vw, 1024px\" \/><\/a><\/figure>\n\n\n\n<p><strong><em>As Tuas Costas Ainda Ardem<\/em><\/strong>, de F\u00e1bio Silva, 2023<\/p>\n\n\n\n<p>Os dois projectos encontram-se em fase de desenvolvimento, com previs\u00e3o de finaliza\u00e7\u00e3o em 2024. As oficinas do&nbsp;<strong>Arch\u00e9<\/strong>&nbsp;visam o aprofundamento tem\u00e1tico e reflex\u00e3o sobre as estrat\u00e9gias a implementar no filme. O pitching e sess\u00e3o de encontros individuais com profissionais do sector visam a promo\u00e7\u00e3o, a internacionaliza\u00e7\u00e3o e o alargamento de oportunidades dos projectos participantes.<\/p>\n\n\n\n<p><strong>Sobre Ana Moreira, realizadora de&nbsp;<em>O Corpo Dela<\/em>&nbsp;<\/strong><br>Actriz, encenadora, realizadora de cinema e artista visual. O seu primeiro filme,&nbsp;<em>Aquaparque<\/em>, ganhou o Pr\u00e9mio de Melhor Realiza\u00e7\u00e3o e uma nomea\u00e7\u00e3o para os European Film Awards no Curtas Vila do Conde, bem como o Pr\u00e9mio da Cr\u00edtica no Festival Luso-Brasileiro de Santa&nbsp;Maria da Feira. Participou do projecto<em>&nbsp;Cont\u00e1gio<\/em>&nbsp;em 2020, e realizou dois epis\u00f3dios do programa&nbsp;Cassandra&nbsp;(RTP). Em 2022, recebeu o Pr\u00e9mio SPA de Melhor Actriz de Teatro.<\/p>\n\n\n\n<p><strong>Sobre F\u00e1bio Silva, realizador de&nbsp;<em>As Tuas Costas Ainda Ardem<\/em><\/strong><br>Nasceu em Lisboa, em 1992, e fez mestrado em realiza\u00e7\u00e3o na Escola Superior de Teatro e Cinema. Em 2018, co-realiza a longa documental&nbsp;<em>Hip to da Hop<\/em>. Em 2020 estreia a curta-metragem&nbsp;<em>A Morte de Isaac<\/em>. No ano seguinte termina o&nbsp;<em>Fruto do Vosso Ventre<\/em>, curta documental exibida em v\u00e1rios festivais nacionais e internacionais, e vencedora de v\u00e1rios pr\u00e9mios. Actualmente est\u00e1 a trabalhar na sua nova longa documental,&nbsp;<strong><em>As Tuas Costas Ainda Ardem<\/em><\/strong>.<\/p>\n\n\n\n<p><strong>Sobre Isabel Machado, produtora de&nbsp;<em>O Corpo Dela<\/em><\/strong><br>Isabel Machado \u00e9 produtora de cinema, co-fundadora da&nbsp;<a href=\"http:\/\/www.crim-productions.com\/\">*C.R.I.M.<\/a>&nbsp;em 2005. Um ref\u00fagio reconhecido para o cinema inovador, *C.R.I.M. est\u00e1 sediada em Lisboa e produz curtas e longas-metragens de fic\u00e7\u00e3o, document\u00e1rios criativos, programas de televis\u00e3o e projectos de artes visuais.<\/p>\n\n\n\n<p><strong>Sobre a Cedro Pl\u00e1tano, empresa produtora de&nbsp;<em>As Tuas Costas Ainda Ardem<\/em><\/strong><br><a href=\"https:\/\/cedroplatano.pt\/\">Cedro Pl\u00e1tano<\/a>&nbsp;\u00e9 uma produtora e distribuidora de filmes portuguesa. Dedica-se principalmente \u00e0 produ\u00e7\u00e3o de cinema de autor independente (document\u00e1rio e fic\u00e7\u00e3o). Obras:&nbsp;<em>A Visita e um Jardim Secreto<\/em>&nbsp;(2022) dir.Irene B. Borrego \u2013 co-produ\u00e7\u00e3o 59 em Conserva (ES);&nbsp;<em>Entre Pa\u00edses<\/em>&nbsp;(2022) dir. Amaya Sumpsi; e recentemente&nbsp;<em>I\u2019m Not Afraid<\/em>&nbsp;(2023) dir. Paulo Catrica.<\/p>\n","protected":false},"excerpt":{"rendered":"<p>O&nbsp;Arch\u00e9, laborat\u00f3rio de desenvolvimento de projectos da&nbsp;Apordoc, acontece de 19 a 25 de Outubro no contexto do Nebulae \u2013 programa de ind\u00fastria do Doclisboa, e conta este ano com dois projectos portugueses:&nbsp;O Corpo Dela, de&nbsp;Ana Moreira&nbsp;(C.R.I.M.); e&nbsp;As Tuas Costas Ainda&#8230;<\/p>\n","protected":false},"author":2,"featured_media":1124,"comment_status":"closed","ping_status":"closed","sticky":false,"template":"","format":"standard","meta":{"_exactmetrics_skip_tracking":false,"_exactmetrics_sitenote_active":false,"_exactmetrics_sitenote_note":"","_exactmetrics_sitenote_category":0,"footnotes":""},"categories":[1],"tags":[],"class_list":["post-1123","post","type-post","status-publish","format-standard","has-post-thumbnail","hentry","category-uncategorized"],"_links":{"self":[{"href":"https:\/\/www.apordoc.org\/index.php?rest_route=\/wp\/v2\/posts\/1123","targetHints":{"allow":["GET"]}}],"collection":[{"href":"https:\/\/www.apordoc.org\/index.php?rest_route=\/wp\/v2\/posts"}],"about":[{"href":"https:\/\/www.apordoc.org\/index.php?rest_route=\/wp\/v2\/types\/post"}],"author":[{"embeddable":true,"href":"https:\/\/www.apordoc.org\/index.php?rest_route=\/wp\/v2\/users\/2"}],"replies":[{"embeddable":true,"href":"https:\/\/www.apordoc.org\/index.php?rest_route=%2Fwp%2Fv2%2Fcomments&post=1123"}],"version-history":[{"count":2,"href":"https:\/\/www.apordoc.org\/index.php?rest_route=\/wp\/v2\/posts\/1123\/revisions"}],"predecessor-version":[{"id":1127,"href":"https:\/\/www.apordoc.org\/index.php?rest_route=\/wp\/v2\/posts\/1123\/revisions\/1127"}],"wp:featuredmedia":[{"embeddable":true,"href":"https:\/\/www.apordoc.org\/index.php?rest_route=\/wp\/v2\/media\/1124"}],"wp:attachment":[{"href":"https:\/\/www.apordoc.org\/index.php?rest_route=%2Fwp%2Fv2%2Fmedia&parent=1123"}],"wp:term":[{"taxonomy":"category","embeddable":true,"href":"https:\/\/www.apordoc.org\/index.php?rest_route=%2Fwp%2Fv2%2Fcategories&post=1123"},{"taxonomy":"post_tag","embeddable":true,"href":"https:\/\/www.apordoc.org\/index.php?rest_route=%2Fwp%2Fv2%2Ftags&post=1123"}],"curies":[{"name":"wp","href":"https:\/\/api.w.org\/{rel}","templated":true}]}}