{"id":1112,"date":"2023-09-05T15:27:02","date_gmt":"2023-09-05T15:27:02","guid":{"rendered":"https:\/\/www.apordoc.org\/?p=1112"},"modified":"2023-09-05T15:27:37","modified_gmt":"2023-09-05T15:27:37","slug":"programacao-d0cs-kingdom-2023","status":"publish","type":"post","link":"https:\/\/www.apordoc.org\/?p=1112","title":{"rendered":"PROGRAMA\u00c7\u00c3O DOC\u2019S KINGDOM 2023"},"content":{"rendered":"\n<p>O Doc\u2019s Kingdom tem o prazer de anunciar&nbsp;<strong>Elena Duque<\/strong>&nbsp;como a programadora do&nbsp;<strong>semin\u00e1rio na edi\u00e7\u00e3o de 2023<\/strong>.<\/p>\n\n\n\n<p>\u201cP\u00f4r os filmes a falar para p\u00f4r as pessoas a falar\u201d \u00e9 o ponto de partida de Elena Duque, que prop\u00f5e um programa de filmes que \u201cde uma maneira imaginativa e particular abordam quest\u00f5es urgentes pondo em marcha o pensamento e o sentimento de quem os v\u00ea.\u201d<\/p>\n\n\n\n<p>Elena Duque (espanhola-venezuelana) \u00e9 programadora, realizadora, cr\u00edtica e professora. Atualmente programa e dirige o departamento editorial da (S8) Mostra de Cinema Perif\u00e9rico na A Coru\u00f1a, \u00e9 professora na Universidade Camilo Jos\u00e9 Cela em Madrid. Foi programadora no Festival de Cinema Europeu de Sevilha e da sec\u00e7\u00e3o La Invitaci\u00f3n al viaje na Semana de Audiovisual Contempor\u00e2neo de Oviedo SACO. Foi moderadora de Q&amp;As no International Film Festival Rotterdam e ainda fez curadoria em s\u00edtios como Xc\u00e8ntric do CCCB de Barcelona e Los Angeles Film Forum.<\/p>\n\n\n\n<p>O frame da segunda imagem pertence ao filme \u201cPostales\u201d (2016) de Elena Duque, exibido na edi\u00e7\u00e3o do Doc\u2019s Kingdom de 2021, na qual foi realizadora convidada.<\/p>\n\n\n\n<p>Participaram no comit\u00e9 de selec\u00e7\u00e3o 2023 Catarina Mour\u00e3o, Gra\u00e7a Castanheira, Jana\u00edna Oliveira e Marcia Mansur.<\/p>\n\n\n\n<p>Este ano o semin\u00e1rio ter\u00e1 lugar no concelho de Odemira nas datas de&nbsp;<strong>30 de novembro a 5 de dezembro<\/strong>. As inscri\u00e7\u00f5es para participantes v\u00e3o abrir nas pr\u00f3ximas semanas!&nbsp;Acompanhem mais informa\u00e7\u00f5es no site (<a href=\"http:\/\/docskingdom.org\/\" target=\"_blank\" rel=\"noreferrer noopener\">docskingdom.org<\/a>) e nas redes sociais.<\/p>\n","protected":false},"excerpt":{"rendered":"<p>O Doc\u2019s Kingdom tem o prazer de anunciar&nbsp;Elena Duque&nbsp;como a programadora do&nbsp;semin\u00e1rio na edi\u00e7\u00e3o de 2023. \u201cP\u00f4r os filmes a falar para p\u00f4r as pessoas a falar\u201d \u00e9 o ponto de partida de Elena Duque, que prop\u00f5e um programa de&#8230;<\/p>\n","protected":false},"author":2,"featured_media":1115,"comment_status":"closed","ping_status":"closed","sticky":false,"template":"","format":"standard","meta":{"_exactmetrics_skip_tracking":false,"_exactmetrics_sitenote_active":false,"_exactmetrics_sitenote_note":"","_exactmetrics_sitenote_category":0,"footnotes":""},"categories":[1],"tags":[],"class_list":["post-1112","post","type-post","status-publish","format-standard","has-post-thumbnail","hentry","category-uncategorized"],"_links":{"self":[{"href":"https:\/\/www.apordoc.org\/index.php?rest_route=\/wp\/v2\/posts\/1112","targetHints":{"allow":["GET"]}}],"collection":[{"href":"https:\/\/www.apordoc.org\/index.php?rest_route=\/wp\/v2\/posts"}],"about":[{"href":"https:\/\/www.apordoc.org\/index.php?rest_route=\/wp\/v2\/types\/post"}],"author":[{"embeddable":true,"href":"https:\/\/www.apordoc.org\/index.php?rest_route=\/wp\/v2\/users\/2"}],"replies":[{"embeddable":true,"href":"https:\/\/www.apordoc.org\/index.php?rest_route=%2Fwp%2Fv2%2Fcomments&post=1112"}],"version-history":[{"count":2,"href":"https:\/\/www.apordoc.org\/index.php?rest_route=\/wp\/v2\/posts\/1112\/revisions"}],"predecessor-version":[{"id":1116,"href":"https:\/\/www.apordoc.org\/index.php?rest_route=\/wp\/v2\/posts\/1112\/revisions\/1116"}],"wp:featuredmedia":[{"embeddable":true,"href":"https:\/\/www.apordoc.org\/index.php?rest_route=\/wp\/v2\/media\/1115"}],"wp:attachment":[{"href":"https:\/\/www.apordoc.org\/index.php?rest_route=%2Fwp%2Fv2%2Fmedia&parent=1112"}],"wp:term":[{"taxonomy":"category","embeddable":true,"href":"https:\/\/www.apordoc.org\/index.php?rest_route=%2Fwp%2Fv2%2Fcategories&post=1112"},{"taxonomy":"post_tag","embeddable":true,"href":"https:\/\/www.apordoc.org\/index.php?rest_route=%2Fwp%2Fv2%2Ftags&post=1112"}],"curies":[{"name":"wp","href":"https:\/\/api.w.org\/{rel}","templated":true}]}}