{"id":111,"date":"2014-09-09T22:24:33","date_gmt":"2014-09-09T21:24:33","guid":{"rendered":"http:\/\/www.apordoc.org\/?p=111"},"modified":"2014-09-09T22:24:33","modified_gmt":"2014-09-09T21:24:33","slug":"reuniao-de-trabalho-lisbon-docs-2014","status":"publish","type":"post","link":"https:\/\/www.apordoc.org\/?p=111","title":{"rendered":"Sess\u00e3o de Trabalho | Lisbon Docs 2014"},"content":{"rendered":"<p>12 de Outubro | Dura\u00e7\u00e3o: 6h<\/p>\n<p>Na sua 15\u00aa edi\u00e7\u00e3o, o f\u00f3rum Lisbon Docs \u00e9 precedido de uma <b>Sess\u00e3o de Trabalho<\/b> onde os participantes ter\u00e3o oportunidade de desenvolver as ferramentas de competitividade necess\u00e1rias ao <i>pitching<\/i> de projectos e indispens\u00e1veis para a produ\u00e7\u00e3o de document\u00e1rios de qualidade para o mercado actual.<\/p>\n<p>Esta sess\u00e3o intensiva e informal, dirigida pelo director da EDN, Paul Pauwels, \u00e9 aberta a todos os profissionais e estudantes interessados. As candidaturas devem ser enviadas at\u00e9 <b>26 de Setembro<\/b> para <a href=\"mailito:lisbondocs@apordoc.org\"><u>lisbondocs@apordoc.org<\/u><\/a> e incluir:<br \/>\n&#8211; uma carta de motiva\u00e7\u00e3o com indica\u00e7\u00e3o sum\u00e1ria de curr\u00edculo acad\u00e9mico e\/ou profissional;<br \/>\n&#8211; uma breve descri\u00e7\u00e3o de um projecto de filme document\u00e1rio em desenvolvimento.<\/p>\n<p>Todos os seleccionados ser\u00e3o contactados atrav\u00e9s de e-mail at\u00e9 ao dia 4 de Outubro.<\/p>\n<p><\/p>\n<p><b>Pre\u00e7o:<\/b><br \/>\n25 euros (geral)<br \/>\n15 euros (estudante, s\u00f3cio Apordoc ou s\u00f3cio da EDN)<\/p>\n<p><\/p>\n<hr>\n<p><\/p>\n<p><b>Paul Pauwels<\/b><br \/>\nDirector da EDN &#8211; European Documentary Network<\/p>\n<p>Paul Pauwels conta com uma experi\u00eancia de longa data em produ\u00e7\u00f5es e co-produ\u00e7\u00f5es internacionais, em particular na \u00e1rea do document\u00e1rio. Colaborou com diversas produtoras e canais de televis\u00e3o, dirigiu a ETMA &#8211; European Television and Media Management Academy e \u00e9 actualmente director da EDN &#8211; European Documentary Network. Paralelamente, est\u00e1 presente em in\u00fameros <i>workshops<\/i> e semin\u00e1rios internacionais enquanto tutor, moderador ou <i>expert<\/i>.<\/p>\n","protected":false},"excerpt":{"rendered":"<p>12 de Outubro | Dura\u00e7\u00e3o: 6h Na sua 15\u00aa edi\u00e7\u00e3o, o f\u00f3rum Lisbon Docs \u00e9 precedido de uma Sess\u00e3o de Trabalho onde os participantes ter\u00e3o oportunidade de desenvolver as ferramentas de competitividade necess\u00e1rias ao pitching de projectos e indispens\u00e1veis para&#8230;<\/p>\n","protected":false},"author":2,"featured_media":0,"comment_status":"closed","ping_status":"closed","sticky":false,"template":"","format":"standard","meta":{"_exactmetrics_skip_tracking":false,"_exactmetrics_sitenote_active":false,"_exactmetrics_sitenote_note":"","_exactmetrics_sitenote_category":0,"footnotes":""},"categories":[8],"tags":[],"class_list":["post-111","post","type-post","status-publish","format-standard","hentry","category-noticias"],"_links":{"self":[{"href":"https:\/\/www.apordoc.org\/index.php?rest_route=\/wp\/v2\/posts\/111","targetHints":{"allow":["GET"]}}],"collection":[{"href":"https:\/\/www.apordoc.org\/index.php?rest_route=\/wp\/v2\/posts"}],"about":[{"href":"https:\/\/www.apordoc.org\/index.php?rest_route=\/wp\/v2\/types\/post"}],"author":[{"embeddable":true,"href":"https:\/\/www.apordoc.org\/index.php?rest_route=\/wp\/v2\/users\/2"}],"replies":[{"embeddable":true,"href":"https:\/\/www.apordoc.org\/index.php?rest_route=%2Fwp%2Fv2%2Fcomments&post=111"}],"version-history":[{"count":0,"href":"https:\/\/www.apordoc.org\/index.php?rest_route=\/wp\/v2\/posts\/111\/revisions"}],"wp:attachment":[{"href":"https:\/\/www.apordoc.org\/index.php?rest_route=%2Fwp%2Fv2%2Fmedia&parent=111"}],"wp:term":[{"taxonomy":"category","embeddable":true,"href":"https:\/\/www.apordoc.org\/index.php?rest_route=%2Fwp%2Fv2%2Fcategories&post=111"},{"taxonomy":"post_tag","embeddable":true,"href":"https:\/\/www.apordoc.org\/index.php?rest_route=%2Fwp%2Fv2%2Ftags&post=111"}],"curies":[{"name":"wp","href":"https:\/\/api.w.org\/{rel}","templated":true}]}}