{"id":1099,"date":"2023-08-30T12:12:00","date_gmt":"2023-08-30T12:12:00","guid":{"rendered":"https:\/\/www.apordoc.org\/?p=1099"},"modified":"2023-09-05T15:15:02","modified_gmt":"2023-09-05T15:15:02","slug":"doclisboa-23-primeiros-destaques","status":"publish","type":"post","link":"https:\/\/www.apordoc.org\/?p=1099","title":{"rendered":"DOCLISBOA&#8217; 23: PRIMEIROS DESTAQUES"},"content":{"rendered":"\n<p>O Doclisboa anuncia os primeiros t\u00edtulos confirmados da sua pr\u00f3xima edi\u00e7\u00e3o \u2013 a vig\u00e9sima primeira, de 19 a 29 de Outubro. Cinco filmes da sec\u00e7\u00e3o&nbsp;<strong>Heart Beat&nbsp;<\/strong>e cinco filmes da sec\u00e7\u00e3o<strong>&nbsp;Da Terra \u00e0 Lua<\/strong>&nbsp;desenham uma paisagem \u00edmpar, r\u00edtmica, variada; da dan\u00e7a \u00e0 literatura, \u00e0 m\u00fasica e aos prazeres do palato \u2013 e dos palcos \u00e0 selva verde e profunda. Os nomes que ora se divulgam incluem o grande e irreverente&nbsp;<strong>Lu\u00eds Ospina<\/strong>, realizador marcante do festival, que, em 2018, lhe dedicou uma retrospectiva \u2013 e em 2019 uma homenagem.&nbsp;<em><strong>Ospina Cali Colombia<\/strong><\/em>, de&nbsp;<strong>Jorge de Carvalho<\/strong>, foca-se num encontro com o realizador em Lisboa e acompanha-o enquanto fala da sua vida e do seu trabalho prol\u00edfico. O filme passar\u00e1 na sec\u00e7\u00e3o&nbsp;<strong>Heart Beat&nbsp;<\/strong>do festival \u2013 e tem o seu contraponto perfeito no filme p\u00f3stumo de Ospina,&nbsp;<em><strong>Silent Witnesses<\/strong><\/em>&nbsp;(<strong>Jeronimo Atehortua Arteaga, Lu\u00eds Ospina<\/strong>), colagem cinematogr\u00e1fica que (tamb\u00e9m) conta uma hist\u00f3ria, do cinema mudo colombiano na primeira metade do S\u00e9culo XX a partir de todo o material sobrevivente da \u00e9poca.<\/p>\n\n\n\n<p><strong>Da Terra \u00e0 Lua<\/strong>&nbsp;apresenta a vis\u00e3o \u00edntima da realizadora&nbsp;<strong>Sara Dolotadabi<\/strong>&nbsp;sobre o seu pai, o escritor iraniano Mahmoud Dowlatabadi \u2013 autor da mais longa narrativa escrita em l\u00edngua persa \u2013 duplamente aben\u00e7oado e amaldi\u00e7oado pelo percurso da escrita e da hist\u00f3ria do seu pa\u00eds, em&nbsp;<em><strong>An Owl, A Garden &amp; The Writer. A C\u00e2mara<\/strong><\/em>&nbsp;\u2013 de&nbsp;<strong>Cristiane Bernardes e Tiago Arag\u00e3o<\/strong>&nbsp;\u2013 em estreia mundial no Doclisboa, acompanha mulheres eleitas de diferentes espectros pol\u00edticos, que exercem o seu cargo na C\u00e2mara dos Deputados durante o \u00faltimo ano do governo de Jair Bolsonaro.<\/p>\n\n\n\n<p><em><strong>L\u2019amiti\u00e9<\/strong><\/em>, de&nbsp;<strong>Alain Cavalier<\/strong>, cineasta fundamental, filma, com uma nostalgia sem laivos de sentimentalidade, os la\u00e7os indel\u00e9veis que o ligam \u00e0queles que sabem consigo partilhar o espa\u00e7o, quer seja \u00e0 frente ou atr\u00e1s das c\u00e2maras. \u00c0 selec\u00e7\u00e3o de filmes confirmados desta sec\u00e7\u00e3o do festival, junta-se ainda o \u00faltimo de&nbsp;<strong>Frederick Wiseman<\/strong>:&nbsp;<em><strong>Menus Plaisirs &#8211; Les Troigros<\/strong><\/em>, uma longa degusta\u00e7\u00e3o da atmosfera e dos prazeres do Troigros a partir de v\u00e1rias perspectivas no momento crucial da passagem do afamado restaurante \u00e0 mais nova gera\u00e7\u00e3o da fam\u00edlia, que o mant\u00e9m h\u00e1 j\u00e1 quatro gera\u00e7\u00f5es.<\/p>\n\n\n\n<p><strong>Heart Beat<\/strong>, a sec\u00e7\u00e3o que simboliza o cora\u00e7\u00e3o pulsante do Doclisboa, traz-nos este ano \u2013 al\u00e9m do j\u00e1 referido&nbsp;<em><strong>Ospina Cali Colombia<\/strong><\/em>, de&nbsp;<strong>Jorge de Carvalho<\/strong>&nbsp;\u2013&nbsp;<em><strong>Joan Baez I Am Noise<\/strong><\/em>&nbsp;(de&nbsp;<strong>Karen O\u2019Connor, Maeve O\u2019Boyle&nbsp;<\/strong>e<strong>&nbsp;Miri Navaski<\/strong>), retrato pessoal da alma da lenda da folk e activista Joan Baez: experi\u00eancia imersiva, que segue a cantora na sua \u00faltima tour e que recupera do seu extenso arquivo documentos preciosos. Joan Baez \u00e9 uma figura irrepet\u00edvel e singular \u2013 n\u00e3o menos no modo como escolhe contar, pela primeira vez, a verdade rematada acerca da sua vida, da luta pelos direitos civis, ao romance com um jovem Bob Dylan.&nbsp;<strong><em>N\u00f4s Dan\u00e7a<\/em><\/strong>, de&nbsp;<strong>Rui Lopes da Silva<\/strong>, \u00e9 uma viagem com o bailarino e core\u00f3grafo Ant\u00f3nio Tavares \u00e0s ilhas de Cabo Verde, \u00e0 medida que descobre \u2013 pela m\u00e3o de outros bailarinos e de pessoas que guardam hist\u00f3rias e saberes \u2013 as dan\u00e7as espalhadas pelo arquip\u00e9lago, dos ritmos tradicionais aos estilos contempor\u00e2neos.&nbsp;<strong>Asif Kapadia<\/strong>, num filme que \u00e9 uma uni\u00e3o bela das linguagens da dan\u00e7a e do cinema, re-interpreta uma coreografia de Akram Khan:&nbsp;<strong><em>Creature<\/em><\/strong>&nbsp;\u00e9 o desenrolar de uma conversa fascinante entre dois g\u00e9neros e entre dois criadores; al\u00e9m disso \u00e9 tamb\u00e9m uma reflex\u00e3o poderosa sobre o autoritarismo, a crise clim\u00e1tica, o amor e a perda.<\/p>\n\n\n\n<p>Por fim, destaque para&nbsp;<em><strong>Nam June Paik: Moon is the Oldest TV<\/strong><\/em>, de&nbsp;<strong>Amanda Kim<\/strong>, que conta a hist\u00f3ria de como o mais c\u00e9lebre artista coreano e pioneiro da videoarte, se tornou famoso em Nova Iorque, e de como previu o futuro \u2013 em que \u201ccada um ter\u00e1 o seu pr\u00f3prio canal de TV\u201d. A rota de como aqui cheg\u00e1mos, do vision\u00e1rio Paik, que descreve um futuro que \u00e9, hoje, o nosso presente.<br><br>Em Outubro, o mundo inteiro cabe em Lisboa.<\/p>\n","protected":false},"excerpt":{"rendered":"<p>O Doclisboa anuncia os primeiros t\u00edtulos confirmados da sua pr\u00f3xima edi\u00e7\u00e3o \u2013 a vig\u00e9sima primeira, de 19 a 29 de Outubro. Cinco filmes da sec\u00e7\u00e3o&nbsp;Heart Beat&nbsp;e cinco filmes da sec\u00e7\u00e3o&nbsp;Da Terra \u00e0 Lua&nbsp;desenham uma paisagem \u00edmpar, r\u00edtmica, variada; da dan\u00e7a&#8230;<\/p>\n","protected":false},"author":2,"featured_media":1107,"comment_status":"closed","ping_status":"closed","sticky":false,"template":"","format":"standard","meta":{"_exactmetrics_skip_tracking":false,"_exactmetrics_sitenote_active":false,"_exactmetrics_sitenote_note":"","_exactmetrics_sitenote_category":0,"footnotes":""},"categories":[1],"tags":[],"class_list":["post-1099","post","type-post","status-publish","format-standard","has-post-thumbnail","hentry","category-uncategorized"],"_links":{"self":[{"href":"https:\/\/www.apordoc.org\/index.php?rest_route=\/wp\/v2\/posts\/1099","targetHints":{"allow":["GET"]}}],"collection":[{"href":"https:\/\/www.apordoc.org\/index.php?rest_route=\/wp\/v2\/posts"}],"about":[{"href":"https:\/\/www.apordoc.org\/index.php?rest_route=\/wp\/v2\/types\/post"}],"author":[{"embeddable":true,"href":"https:\/\/www.apordoc.org\/index.php?rest_route=\/wp\/v2\/users\/2"}],"replies":[{"embeddable":true,"href":"https:\/\/www.apordoc.org\/index.php?rest_route=%2Fwp%2Fv2%2Fcomments&post=1099"}],"version-history":[{"count":4,"href":"https:\/\/www.apordoc.org\/index.php?rest_route=\/wp\/v2\/posts\/1099\/revisions"}],"predecessor-version":[{"id":1111,"href":"https:\/\/www.apordoc.org\/index.php?rest_route=\/wp\/v2\/posts\/1099\/revisions\/1111"}],"wp:featuredmedia":[{"embeddable":true,"href":"https:\/\/www.apordoc.org\/index.php?rest_route=\/wp\/v2\/media\/1107"}],"wp:attachment":[{"href":"https:\/\/www.apordoc.org\/index.php?rest_route=%2Fwp%2Fv2%2Fmedia&parent=1099"}],"wp:term":[{"taxonomy":"category","embeddable":true,"href":"https:\/\/www.apordoc.org\/index.php?rest_route=%2Fwp%2Fv2%2Fcategories&post=1099"},{"taxonomy":"post_tag","embeddable":true,"href":"https:\/\/www.apordoc.org\/index.php?rest_route=%2Fwp%2Fv2%2Ftags&post=1099"}],"curies":[{"name":"wp","href":"https:\/\/api.w.org\/{rel}","templated":true}]}}