{"id":1044,"date":"2022-07-18T13:13:00","date_gmt":"2022-07-18T13:13:00","guid":{"rendered":"http:\/\/www.apordoc.org\/?p=1044"},"modified":"2022-07-18T13:13:00","modified_gmt":"2022-07-18T13:13:00","slug":"oficina-de-realizacao-na-cinemateca-junior","status":"publish","type":"post","link":"https:\/\/www.apordoc.org\/?p=1044","title":{"rendered":"Oficina de Realiza\u00e7\u00e3o na Cinemateca J\u00fanior"},"content":{"rendered":"\n<p>Ao longo de cinco tardes, vamos mergulhar no document\u00e1rio de autor. A partir do visionamento de v\u00e1rios filmes e excertos, atravessando a hist\u00f3ria do cinema documental, vamos escrever um argumento coletivo de curta-metragem que iremos filmar no\u00a0<em>Jardim Bot\u00e2nico de Lisboa<\/em>\u00a0e partilhar numa sess\u00e3o p\u00fablica no \u00faltimo dia da oficina.<br>Al\u00e9m da realiza\u00e7\u00e3o de um filme e da introdu\u00e7\u00e3o t\u00e9cnico-pr\u00e1tica ao material audiovisual &#8211; c\u00e2mara, trip\u00e9, microfone, gravador de som e perche &#8211; esta oficina pretende lan\u00e7ar conversas em torno das inten\u00e7\u00f5es dos autores e dos temas abordados, real\u00e7ando a mat\u00e9ria cinematogr\u00e1fica &#8211; os planos, o som, as imagens, a luz, o tempo, a montagem, etc. Com estas conversas pretende-se criar tamb\u00e9m tempos de escuta e partilha de opini\u00f5es, em torno de uma experi\u00eancia coletiva, a de espectador\/a e realizador\/a.<\/p>\n\n\n\n<p>Contamos com o apoio t\u00e9cnico do\u00a0<strong>Bazar do V\u00eddeo<\/strong>!<\/p>\n\n\n\n<p><strong>25 a 29 de julho das 14h00 \u00e0s 17h00<\/strong><br><strong>27 de julho<\/strong>: filmagens no Jardim Bot\u00e2nico, das 14h00 \u00e0s 17h00<br>(ponto de encontro \u00e0 entrada do jardim)<br><strong>29 de julho \u00e0s 17h30:<\/strong>\u00a0apresenta\u00e7\u00e3o do filme \u00e0 fam\u00edlia e amigos<br><strong>Idade:<\/strong>\u00a09 &#8211; 12 anos<br><strong>Pre\u00e7o:<\/strong>\u00a035\u20ac por participante &#8211;\u00a0<strong>Formadora:\u00a0<\/strong>Nathalie Mansoux<\/p>\n\n\n\n<p><span style=\"text-decoration: underline;\">[oficina esgotada]<\/span><\/p>\n\n\n\n<p><strong>R<em>OTEIRO<\/em><\/strong><em><strong> DA OFICINA<br><\/strong><\/em><strong>Dia 25:\u00a0<\/strong>Apresenta\u00e7\u00e3o do grupo, visionamento de filmes\/excertos, cria\u00e7\u00e3o e desenvolvimento da ideia para a curta-metragem.<br><strong>Dia 26:\u00a0<\/strong>Desenvolvimento da ideia, escrita de gui\u00e3o e de plano de rodagem, explica\u00e7\u00e3o do material: c\u00e2mara, microfone, perche, gravador, trip\u00e9s.<br><strong>Dia 27: <\/strong>Rodagem de planos exteriores no Jardim Bot\u00e2nico.<br><strong>Dia 28:\u00a0<\/strong>Rodagem de planos interiores (se necess\u00e1rio), sele\u00e7\u00e3o e montagem do material gravado.<br><strong>Dia 29:\u00a0<\/strong>Montagem e finaliza\u00e7\u00e3o.<br><strong>17h30:\u00a0<\/strong>Visionamento do filme na sala de cinema da Cinemateca J\u00fanior.<\/p>\n","protected":false},"excerpt":{"rendered":"<p>Ao longo de cinco tardes, vamos mergulhar no document\u00e1rio de autor. A partir do visionamento de v\u00e1rios filmes e excertos, atravessando a hist\u00f3ria do cinema documental, vamos escrever um argumento coletivo de curta-metragem que iremos filmar no\u00a0Jardim Bot\u00e2nico de Lisboa\u00a0e&#8230;<\/p>\n","protected":false},"author":2,"featured_media":1045,"comment_status":"closed","ping_status":"closed","sticky":false,"template":"","format":"standard","meta":{"_exactmetrics_skip_tracking":false,"_exactmetrics_sitenote_active":false,"_exactmetrics_sitenote_note":"","_exactmetrics_sitenote_category":0,"footnotes":""},"categories":[1],"tags":[],"class_list":["post-1044","post","type-post","status-publish","format-standard","has-post-thumbnail","hentry","category-uncategorized"],"_links":{"self":[{"href":"https:\/\/www.apordoc.org\/index.php?rest_route=\/wp\/v2\/posts\/1044","targetHints":{"allow":["GET"]}}],"collection":[{"href":"https:\/\/www.apordoc.org\/index.php?rest_route=\/wp\/v2\/posts"}],"about":[{"href":"https:\/\/www.apordoc.org\/index.php?rest_route=\/wp\/v2\/types\/post"}],"author":[{"embeddable":true,"href":"https:\/\/www.apordoc.org\/index.php?rest_route=\/wp\/v2\/users\/2"}],"replies":[{"embeddable":true,"href":"https:\/\/www.apordoc.org\/index.php?rest_route=%2Fwp%2Fv2%2Fcomments&post=1044"}],"version-history":[{"count":2,"href":"https:\/\/www.apordoc.org\/index.php?rest_route=\/wp\/v2\/posts\/1044\/revisions"}],"predecessor-version":[{"id":1047,"href":"https:\/\/www.apordoc.org\/index.php?rest_route=\/wp\/v2\/posts\/1044\/revisions\/1047"}],"wp:featuredmedia":[{"embeddable":true,"href":"https:\/\/www.apordoc.org\/index.php?rest_route=\/wp\/v2\/media\/1045"}],"wp:attachment":[{"href":"https:\/\/www.apordoc.org\/index.php?rest_route=%2Fwp%2Fv2%2Fmedia&parent=1044"}],"wp:term":[{"taxonomy":"category","embeddable":true,"href":"https:\/\/www.apordoc.org\/index.php?rest_route=%2Fwp%2Fv2%2Fcategories&post=1044"},{"taxonomy":"post_tag","embeddable":true,"href":"https:\/\/www.apordoc.org\/index.php?rest_route=%2Fwp%2Fv2%2Ftags&post=1044"}],"curies":[{"name":"wp","href":"https:\/\/api.w.org\/{rel}","templated":true}]}}