{"id":1019,"date":"2021-11-29T14:12:39","date_gmt":"2021-11-29T14:12:39","guid":{"rendered":"http:\/\/www.apordoc.org\/?p=1019"},"modified":"2021-12-14T17:49:14","modified_gmt":"2021-12-14T17:49:14","slug":"oficinas-docs4kids-nas-ferias-de-natal","status":"publish","type":"post","link":"https:\/\/www.apordoc.org\/?p=1019","title":{"rendered":"OFICINAS DOCS4KIDS NAS F\u00c9RIAS DE NATAL"},"content":{"rendered":"\n<p><em>As\u00a0oficinas\u00a0Docs4Kids\u00a0voltam para animar as f\u00e9rias de\u00a0Natal! Juntos, vamos explorar as exposi\u00e7\u00f5es do Museu do Aljube: as fascinantes fotografias de Augusta Conchiglia, as Novas Cartas Portuguesas das Tr\u00eas Marias, os percursos, as hist\u00f3rias, os vest\u00edgios e muito mais! E claro, com o cinema sempre por perto.<\/em><\/p>\n\n\n\n<p><strong>Dia 1<\/strong>: vamos explorar parte das exposi\u00e7\u00f5es do museu, pegar numa m\u00e1quina fotogr\u00e1fica e num microfone e realizar um Vox Populi\u2026 J\u00e1 te explicaremos tintim por tintim!<br><strong>Dia 2:<\/strong> vamos escolher os melhores momentos e com a ajuda da equipa Docs 4 Kids editar o som e as imagens captadas por todos.<br><strong>O que levas desta oficina?<\/strong><br>Ferramentas para editares os teus v\u00eddeos e dar largas \u00e0 imagina\u00e7\u00e3o, com esp\u00edrito cr\u00edtico e curiosidade pelo mundo e pela hist\u00f3ria recente do teu pa\u00eds.<\/p>\n\n\n\n<p class=\"has-text-align-center\"><strong>Oficina&nbsp;1:<\/strong><br>Dias 18 e 19 de Dezembro (s\u00e1b-dom), das 15h \u00e0s 17h.<\/p>\n\n\n\n<p class=\"has-text-align-center\"><strong>Oficina&nbsp;2:<\/strong><br>Dias 21 e 22 de Dezembro (ter-qua), das 11h \u00e0s 13h.<\/p>\n\n\n\n<p>Faixa et\u00e1ria: 8 aos 14 anos.<\/p>\n\n\n\n<p><strong>Local<\/strong>: Museu do Aljube<br><strong>Pre\u00e7o<\/strong>: 14\u20ac (este valor corresponde a uma oficina de dois dias)<br><strong>Desconto para s\u00f3cios Apordoc e s\u00f3cios Funda\u00e7\u00e3o Inatel<\/strong>: 12\u20ac<\/p>\n\n\n\n<p><a rel=\"noreferrer noopener\" href=\"https:\/\/forms.gle\/1hGYL9ZRCCCgEVZw7\" target=\"_blank\"><strong><span class=\"has-inline-color has-vivid-green-cyan-color\">INSCRI\u00c7\u00d5ES AQUI<\/span><\/strong><\/a><\/p>\n\n\n\n<p><strong>Sobre a formadora<\/strong><br>Cl\u00e1udia Alves \u00e9 realizadora independente e arte-educadora. Estudou cinema na Escola Internacional de Cinema e Televis\u00e3o de San Ant\u00f3nio de Los Ba\u00f1os, em Cuba. Anteriormente licenciou-se em artes pl\u00e1sticas-pintura na Faculdade de Belas Artes de Lisboa e estudou na Academia de Belas Artes de Brera, em Mil\u00e3o. Os seus filmes foram exibidos na televis\u00e3o portuguesa (RTP e TV Cine series), projetados e premiados em v\u00e1rios festivais internacionais. Foi professora nos ensinos b\u00e1sico e secund\u00e1rio, respons\u00e1vel pela concep\u00e7\u00e3o e coordena\u00e7\u00e3o de workshops de document\u00e1rio comunit\u00e1rio e ateliers de express\u00e3o pl\u00e1stica. Colabora regularmente com o Projeto Educativo da Apordoc e com o festival Doclisboa, com a Cinemateca J\u00fanior e, mais recentemente, com o festival IndieLisboa e o projeto Insuflar Cinema. Desde 2020\/21 integra o Plano Nacional das Artes como formadora do curso \u201cEduca\u00e7\u00e3o para o Cinema\u201d destinado a professores de v\u00e1rios graus de ensino.<\/p>\n\n\n\n<p><\/p>\n\n\n\n<p><meta charset=\"utf-8\"><strong>Mais informa\u00e7\u00f5es<\/strong><br>Maria Jo\u00e3o Malheiro<br><a rel=\"noreferrer noopener\" href=\"mailto:projecto.educativo@apordoc.org\" target=\"_blank\">projecto.educativo@apordoc.org<\/a><br>+351 910&nbsp; 951 160<\/p>\n","protected":false},"excerpt":{"rendered":"<p>As\u00a0oficinas\u00a0Docs4Kids\u00a0voltam para animar as f\u00e9rias de\u00a0Natal! Juntos, vamos explorar as exposi\u00e7\u00f5es do Museu do Aljube: as fascinantes fotografias de Augusta Conchiglia, as Novas Cartas Portuguesas das Tr\u00eas Marias, os percursos, as hist\u00f3rias, os vest\u00edgios e muito mais! E claro, com&#8230;<\/p>\n","protected":false},"author":2,"featured_media":1022,"comment_status":"closed","ping_status":"closed","sticky":false,"template":"","format":"standard","meta":{"_exactmetrics_skip_tracking":false,"_exactmetrics_sitenote_active":false,"_exactmetrics_sitenote_note":"","_exactmetrics_sitenote_category":0,"footnotes":""},"categories":[1],"tags":[],"class_list":["post-1019","post","type-post","status-publish","format-standard","has-post-thumbnail","hentry","category-uncategorized"],"_links":{"self":[{"href":"https:\/\/www.apordoc.org\/index.php?rest_route=\/wp\/v2\/posts\/1019","targetHints":{"allow":["GET"]}}],"collection":[{"href":"https:\/\/www.apordoc.org\/index.php?rest_route=\/wp\/v2\/posts"}],"about":[{"href":"https:\/\/www.apordoc.org\/index.php?rest_route=\/wp\/v2\/types\/post"}],"author":[{"embeddable":true,"href":"https:\/\/www.apordoc.org\/index.php?rest_route=\/wp\/v2\/users\/2"}],"replies":[{"embeddable":true,"href":"https:\/\/www.apordoc.org\/index.php?rest_route=%2Fwp%2Fv2%2Fcomments&post=1019"}],"version-history":[{"count":3,"href":"https:\/\/www.apordoc.org\/index.php?rest_route=\/wp\/v2\/posts\/1019\/revisions"}],"predecessor-version":[{"id":1038,"href":"https:\/\/www.apordoc.org\/index.php?rest_route=\/wp\/v2\/posts\/1019\/revisions\/1038"}],"wp:featuredmedia":[{"embeddable":true,"href":"https:\/\/www.apordoc.org\/index.php?rest_route=\/wp\/v2\/media\/1022"}],"wp:attachment":[{"href":"https:\/\/www.apordoc.org\/index.php?rest_route=%2Fwp%2Fv2%2Fmedia&parent=1019"}],"wp:term":[{"taxonomy":"category","embeddable":true,"href":"https:\/\/www.apordoc.org\/index.php?rest_route=%2Fwp%2Fv2%2Fcategories&post=1019"},{"taxonomy":"post_tag","embeddable":true,"href":"https:\/\/www.apordoc.org\/index.php?rest_route=%2Fwp%2Fv2%2Ftags&post=1019"}],"curies":[{"name":"wp","href":"https:\/\/api.w.org\/{rel}","templated":true}]}}